{"id":37719,"date":"2026-02-06T19:40:35","date_gmt":"2026-02-06T18:40:35","guid":{"rendered":"https:\/\/marinkamraterna.se\/gotland\/?p=37719"},"modified":"2026-02-06T19:40:35","modified_gmt":"2026-02-06T18:40:35","slug":"arsmote","status":"publish","type":"post","link":"https:\/\/marinkamraterna.se\/gotland\/aktuellt\/2026\/02\/06\/arsmote\/","title":{"rendered":"\u00c5rsm\u00f6te"},"content":{"rendered":"<p style=\"text-align: center\"><strong><em>Medlemmarna i F\u00f6reningen Marinkamraterna Gotland<br \/>\n<\/em><\/strong><strong style=\"text-align: center\"><em>kallas h\u00e4rmed till<br \/>\n<\/em><\/strong><strong><em>\u00e5rsm\u00f6te<br \/>\n<\/em><\/strong><strong><em>OBS!!! l\u00f6rdag den 28 februari 2026 kl 1300 i Koggen OBS!!<\/em><\/strong><strong><em>(P\u00e5m\u00f6nstring fr\u00e5n 1230)<\/em><\/strong><\/p>\n<p style=\"text-align: center\"><strong><em>\u00c4renden enligt stadgarna.<br \/>\n<\/em><\/strong><strong><em>\u00c5rsm\u00f6teshandlingar uts\u00e4nds senare.<\/em><\/strong><\/p>\n<p style=\"text-align: center\"><strong><em>\u00a0<\/em><\/strong><strong><em>F\u00f6redrag alt filmvisning<\/em><\/strong><\/p>\n<p style=\"text-align: center\"><strong><em>Efter m\u00f6tet serveras kaffe\/te med \u201ds\u00f6tdoppa\u201d.<br \/>\n<\/em><\/strong><strong><em>Baren kommer vara \u00f6ppen vid p\u00e5m\u00f6nstringen.<\/em><\/strong><\/p>\n<p style=\"text-align: center\"><strong><em>Anm\u00e4lan om deltagande samt<br \/>\n<\/em><\/strong><strong><em>bilens registreringsnr om detta inte gjorts tidigare\/ny bil<br \/>\n<\/em><\/strong><strong><em>g\u00f6rs senast <\/em><\/strong><strong><em>torsdag den 19 februari <\/em><\/strong><strong><em>till Olle H\u00e5kansson,<br \/>\n<\/em><\/strong><strong><em>mobil 076-808 20 98<br \/>\n<\/em><\/strong><strong><em>alt. e-post\u00a0<\/em><\/strong><a href=\"mailto:olle.hakansson.eod@telia.com\"><strong><em>olle.hakansson.eod@telia.com<\/em><\/strong><\/a><strong><em>.<\/em><\/strong><\/p>\n<p style=\"text-align: center\"><strong><em>Eventuella motioner ska vara styrelsen tillhanda senast m\u00e5ndag den 16 februari.<\/em><\/strong><\/p>\n<p style=\"text-align: center\"><em><strong>\u00c5rsavgiften f\u00f6r 2026 \u00e4r fortsatt 250 kr och betalas in till<br \/>\nBankgiro 604-3038 senast 30 april.<br \/>\n<u>Gl\u00f6m inte att ange Ditt namn!<\/u><\/strong><\/em><\/p>\n<blockquote>\n<p style=\"text-align: center\"><strong><em>!!!!Observera!!!! <\/em><\/strong><strong><em>Obetald \u00e5rsavgift 04-30 inneb\u00e4r att medlemskapet anses avslutat<br \/>\n<\/em><\/strong><strong><em>En (1) betalningsp\u00e5minnelse skickas ut slutet av mars<\/em><\/strong><\/p>\n<\/blockquote>\n","protected":false},"excerpt":{"rendered":"<p>Medlemmarna i F\u00f6reningen Marinkamraterna Gotland kallas h\u00e4rmed till \u00e5rsm\u00f6te OBS!!! l\u00f6rdag den 28 februari 2026 kl 1300 i Koggen OBS!!(P\u00e5m\u00f6nstring fr\u00e5n 1230) \u00c4renden enligt stadgarna. \u00c5rsm\u00f6teshandlingar uts\u00e4nds senare. \u00a0F\u00f6redrag alt filmvisning Efter m\u00f6tet serveras kaffe\/te med \u201ds\u00f6tdoppa\u201d. Baren kommer vara \u00f6ppen vid p\u00e5m\u00f6nstringen. Anm\u00e4lan om deltagande samt bilens registreringsnr om detta inte gjorts tidigare\/ny bil [&hellip;]<\/p>\n","protected":false},"author":4,"featured_media":0,"comment_status":"open","ping_status":"open","sticky":false,"template":"","format":"standard","meta":{"_et_pb_use_builder":"","_et_pb_old_content":"","_et_gb_content_width":"","iawp_total_views":6,"footnotes":""},"categories":[1],"tags":[],"class_list":["post-37719","post","type-post","status-publish","format-standard","hentry","category-nyheter"],"_links":{"self":[{"href":"https:\/\/marinkamraterna.se\/gotland\/wp-json\/wp\/v2\/posts\/37719","targetHints":{"allow":["GET"]}}],"collection":[{"href":"https:\/\/marinkamraterna.se\/gotland\/wp-json\/wp\/v2\/posts"}],"about":[{"href":"https:\/\/marinkamraterna.se\/gotland\/wp-json\/wp\/v2\/types\/post"}],"author":[{"embeddable":true,"href":"https:\/\/marinkamraterna.se\/gotland\/wp-json\/wp\/v2\/users\/4"}],"replies":[{"embeddable":true,"href":"https:\/\/marinkamraterna.se\/gotland\/wp-json\/wp\/v2\/comments?post=37719"}],"version-history":[{"count":3,"href":"https:\/\/marinkamraterna.se\/gotland\/wp-json\/wp\/v2\/posts\/37719\/revisions"}],"predecessor-version":[{"id":37722,"href":"https:\/\/marinkamraterna.se\/gotland\/wp-json\/wp\/v2\/posts\/37719\/revisions\/37722"}],"wp:attachment":[{"href":"https:\/\/marinkamraterna.se\/gotland\/wp-json\/wp\/v2\/media?parent=37719"}],"wp:term":[{"taxonomy":"category","embeddable":true,"href":"https:\/\/marinkamraterna.se\/gotland\/wp-json\/wp\/v2\/categories?post=37719"},{"taxonomy":"post_tag","embeddable":true,"href":"https:\/\/marinkamraterna.se\/gotland\/wp-json\/wp\/v2\/tags?post=37719"}],"curies":[{"name":"wp","href":"https:\/\/api.w.org\/{rel}","templated":true}]}}