{"id":37734,"date":"2026-04-07T17:03:38","date_gmt":"2026-04-07T15:03:38","guid":{"rendered":"https:\/\/marinkamraterna.se\/gotland\/?p=37734"},"modified":"2026-04-07T17:03:38","modified_gmt":"2026-04-07T15:03:38","slug":"varfika","status":"publish","type":"post","link":"https:\/\/marinkamraterna.se\/gotland\/aktuellt\/2026\/04\/07\/varfika\/","title":{"rendered":"V\u00c5RFIKA"},"content":{"rendered":"<p><b><span data-olk-copy-source=\"MessageBody\">MARINKAMRATER, V\u00c5RFIKA HOS KLAS BERG!<\/span><\/b><\/p>\n<p><b><\/b>Torsdagen den 16 april kl 1330 bjuder Klas p\u00e5 fika med dopp och avec i <i>marin<\/i>\u00a0<i>milj\u00f6<\/i> \u2013 Sn\u00e4ckh\u00f6jdskvie 5, f\u00f6rsta huset p\u00e5 h\u00f6ger sida ett gult tv\u00e5v\u00e5nings \u00a0<a href=\"https:\/\/marinkamraterna.se\/gotland\/wp-content\/uploads\/sites\/8\/2026\/04\/Fardbeskrivning-Klas-Berg.pptx\">F\u00e4rdbeskrivning Klas Berg<\/a><\/p>\n<p>Vi ordnar samtidigt ett litet loppis med \u00f6verblivna prylar fr\u00e5n \u201dgamla\u201d Marinstugan\u2026<\/p>\n<p><b>Ingen anm\u00e4lan. Sam\u00e5kning rekommenderas.<\/b><\/p>\n<p>V\u00c4LKOMNA, h\u00e4lsar Klas Berg<\/p>\n","protected":false},"excerpt":{"rendered":"<p>MARINKAMRATER, V\u00c5RFIKA HOS KLAS BERG! Torsdagen den 16 april kl 1330 bjuder Klas p\u00e5 fika med dopp och avec i marin\u00a0milj\u00f6 \u2013 Sn\u00e4ckh\u00f6jdskvie 5, f\u00f6rsta huset p\u00e5 h\u00f6ger sida ett gult tv\u00e5v\u00e5nings \u00a0F\u00e4rdbeskrivning Klas Berg Vi ordnar samtidigt ett litet loppis med \u00f6verblivna prylar fr\u00e5n \u201dgamla\u201d Marinstugan\u2026 Ingen anm\u00e4lan. Sam\u00e5kning rekommenderas. V\u00c4LKOMNA, h\u00e4lsar Klas Berg<\/p>\n","protected":false},"author":4,"featured_media":0,"comment_status":"open","ping_status":"open","sticky":false,"template":"","format":"standard","meta":{"_et_pb_use_builder":"","_et_pb_old_content":"","_et_gb_content_width":"","iawp_total_views":0,"footnotes":""},"categories":[1],"tags":[],"class_list":["post-37734","post","type-post","status-publish","format-standard","hentry","category-nyheter"],"_links":{"self":[{"href":"https:\/\/marinkamraterna.se\/gotland\/wp-json\/wp\/v2\/posts\/37734","targetHints":{"allow":["GET"]}}],"collection":[{"href":"https:\/\/marinkamraterna.se\/gotland\/wp-json\/wp\/v2\/posts"}],"about":[{"href":"https:\/\/marinkamraterna.se\/gotland\/wp-json\/wp\/v2\/types\/post"}],"author":[{"embeddable":true,"href":"https:\/\/marinkamraterna.se\/gotland\/wp-json\/wp\/v2\/users\/4"}],"replies":[{"embeddable":true,"href":"https:\/\/marinkamraterna.se\/gotland\/wp-json\/wp\/v2\/comments?post=37734"}],"version-history":[{"count":2,"href":"https:\/\/marinkamraterna.se\/gotland\/wp-json\/wp\/v2\/posts\/37734\/revisions"}],"predecessor-version":[{"id":37737,"href":"https:\/\/marinkamraterna.se\/gotland\/wp-json\/wp\/v2\/posts\/37734\/revisions\/37737"}],"wp:attachment":[{"href":"https:\/\/marinkamraterna.se\/gotland\/wp-json\/wp\/v2\/media?parent=37734"}],"wp:term":[{"taxonomy":"category","embeddable":true,"href":"https:\/\/marinkamraterna.se\/gotland\/wp-json\/wp\/v2\/categories?post=37734"},{"taxonomy":"post_tag","embeddable":true,"href":"https:\/\/marinkamraterna.se\/gotland\/wp-json\/wp\/v2\/tags?post=37734"}],"curies":[{"name":"wp","href":"https:\/\/api.w.org\/{rel}","templated":true}]}}