{"id":39357,"date":"2026-02-05T17:30:31","date_gmt":"2026-02-05T16:30:31","guid":{"rendered":"https:\/\/marinkamraterna.se\/halmstad\/?p=39357"},"modified":"2026-03-27T21:46:04","modified_gmt":"2026-03-27T20:46:04","slug":"kamratafton-den-26-februari","status":"publish","type":"post","link":"https:\/\/marinkamraterna.se\/halmstad\/aktuellt\/2026\/02\/05\/kamratafton-den-26-februari\/","title":{"rendered":"Kamratafton den 23 april"},"content":{"rendered":"<h2>V\u00e4lkommen till v\u00e5r Kamratafton den 23 april kl. 18.00.<\/h2>\n<h4>V\u00e5r medlem Anders Welin kommer att h\u00e5lla ett f\u00f6redrag och ber\u00e4tta om Slaget vid Trafalgar 1805.<\/h4>\n<h4>Du kan anm\u00e4la dig genom att anteckna dig p\u00e5 listan i Marinstugan eller genom att kontakta v\u00e5r Klubbm\u00e4stare, Mats Leminger p\u00e5 telefon; 070-561 04 31. Sista anm\u00e4lningsdagen \u00e4r <strong>den 16 april.<\/strong><\/h4>\n<h4>V\u00e4lkommen till ett mycket intressant f\u00f6redrag.<\/h4>\n<p><em>Torbj\u00f6rn Malmkvist<\/em><\/p>\n<p><img loading=\"lazy\" decoding=\"async\" class=\"\" src=\"https:\/\/marinkamraterna.se\/halmstad\/wp-content\/uploads\/sites\/16\/2026\/03\/Slaget-vid-Trafalgar.jpg\" width=\"461\" height=\"352\" \/><\/p>\n","protected":false},"excerpt":{"rendered":"<p>V\u00e4lkommen till v\u00e5r Kamratafton den 23 april kl. 18.00. V\u00e5r medlem Anders Welin kommer att h\u00e5lla ett f\u00f6redrag och ber\u00e4tta om Slaget vid Trafalgar 1805. Du kan anm\u00e4la dig genom att anteckna dig p\u00e5 listan i Marinstugan eller genom att kontakta v\u00e5r Klubbm\u00e4stare, Mats Leminger p\u00e5 telefon; 070-561 04 31. Sista anm\u00e4lningsdagen \u00e4r den 16 [&hellip;]<\/p>\n","protected":false},"author":13,"featured_media":0,"comment_status":"open","ping_status":"open","sticky":false,"template":"","format":"standard","meta":{"_et_pb_use_builder":"","_et_pb_old_content":"","_et_gb_content_width":"","iawp_total_views":27,"footnotes":""},"categories":[1],"tags":[],"class_list":["post-39357","post","type-post","status-publish","format-standard","hentry","category-nyheter"],"_links":{"self":[{"href":"https:\/\/marinkamraterna.se\/halmstad\/wp-json\/wp\/v2\/posts\/39357","targetHints":{"allow":["GET"]}}],"collection":[{"href":"https:\/\/marinkamraterna.se\/halmstad\/wp-json\/wp\/v2\/posts"}],"about":[{"href":"https:\/\/marinkamraterna.se\/halmstad\/wp-json\/wp\/v2\/types\/post"}],"author":[{"embeddable":true,"href":"https:\/\/marinkamraterna.se\/halmstad\/wp-json\/wp\/v2\/users\/13"}],"replies":[{"embeddable":true,"href":"https:\/\/marinkamraterna.se\/halmstad\/wp-json\/wp\/v2\/comments?post=39357"}],"version-history":[{"count":11,"href":"https:\/\/marinkamraterna.se\/halmstad\/wp-json\/wp\/v2\/posts\/39357\/revisions"}],"predecessor-version":[{"id":39428,"href":"https:\/\/marinkamraterna.se\/halmstad\/wp-json\/wp\/v2\/posts\/39357\/revisions\/39428"}],"wp:attachment":[{"href":"https:\/\/marinkamraterna.se\/halmstad\/wp-json\/wp\/v2\/media?parent=39357"}],"wp:term":[{"taxonomy":"category","embeddable":true,"href":"https:\/\/marinkamraterna.se\/halmstad\/wp-json\/wp\/v2\/categories?post=39357"},{"taxonomy":"post_tag","embeddable":true,"href":"https:\/\/marinkamraterna.se\/halmstad\/wp-json\/wp\/v2\/tags?post=39357"}],"curies":[{"name":"wp","href":"https:\/\/api.w.org\/{rel}","templated":true}]}}