{"id":39297,"date":"2026-02-27T08:42:12","date_gmt":"2026-02-27T07:42:12","guid":{"rendered":"https:\/\/marinkamraterna.se\/jonkoping\/?p=39297"},"modified":"2026-03-31T18:27:48","modified_gmt":"2026-03-31T16:27:48","slug":"oppet-styrelsemote-sofiehof-260415","status":"publish","type":"post","link":"https:\/\/marinkamraterna.se\/jonkoping\/aktuellt\/2026\/02\/27\/oppet-styrelsemote-sofiehof-260415\/","title":{"rendered":"\u00d6ppet styrelsem\u00f6te Sofiehof 260415"},"content":{"rendered":"<p>[et_pb_section fb_built=&#8221;1&#8243; _builder_version=&#8221;4.27.6&#8243; _module_preset=&#8221;default&#8221; global_colors_info=&#8221;{}&#8221;][et_pb_row _builder_version=&#8221;4.27.6&#8243; _module_preset=&#8221;default&#8221; global_colors_info=&#8221;{}&#8221;][et_pb_column type=&#8221;4_4&#8243; _builder_version=&#8221;4.27.6&#8243; _module_preset=&#8221;default&#8221; global_colors_info=&#8221;{}&#8221;][et_pb_text _builder_version=&#8221;4.27.6&#8243; _module_preset=&#8221;default&#8221; inline_fonts=&#8221;Abel&#8221; global_colors_info=&#8221;{}&#8221;]<\/p>\n<h2><span style=\"font-family: inherit;font-weight: normal\">Inbjudan till v\u00e5rt \u00f6ppna styrelsem\u00f6te den 15 april i J\u00f6nk\u00f6ping.\u00a0\u00a0<\/span><\/h2>\n<h3><span style=\"font-family: inherit;font-weight: normal\"><span style=\"border: 0px;font-style: inherit;font-variant: inherit;font-size: 12pt;line-height: inherit;margin: 0px;padding: 0px;vertical-align: baseline;color: inherit\">Plats:Hotell Savoy Brunnsgatan 13 J\u00f6nk\u00f6ping<\/span>\u00a0<\/span><\/h3>\n<h3><span style=\"border: 0px;font-style: inherit;font-variant: inherit;font-weight: normal;font-size: 12pt;line-height: inherit;font-family: inherit;margin: 0px;padding: 0px;vertical-align: baseline;color: inherit\">Vi b\u00f6rjar med gemensam lunch d\u00e4refter f\u00f6redrag &amp; styrelsem\u00f6te<\/span><\/h3>\n<h3><span style=\"font-family: inherit;font-weight: normal\"><span style=\"border: 0px;font-style: inherit;font-variant: inherit;font-size: 12pt;line-height: inherit;margin: 0px;padding: 0px;vertical-align: baseline;color: inherit\">F\u00f6redragsh\u00e5llare \u00e4r: G\u00f6sta Nilsson, fd. Offshore Subsea Manager p\u00e5 DOF,<a href=\"https:\/\/marinkamraterna.se\/jonkoping\/wp-content\/uploads\/sites\/17\/2026\/03\/Inbjudan.pdf\"><span style=\"color: #0c71c3\"><em><span style=\"text-decoration: underline\"> se separat inbjudan<\/span><\/em><\/span><\/a><\/span><span style=\"color: #0c71c3\"><em><span style=\"text-decoration: underline\"><a href=\"https:\/\/marinkamraterna.se\/jonkoping\/wp-content\/uploads\/sites\/17\/2026\/03\/Kallelse.pdf\" style=\"color: #0c71c3;text-decoration: underline\"><span style=\"border: 0px;font-variant: inherit;font-size: 12pt;line-height: inherit;margin: 0px;padding: 0px;vertical-align: baseline\"><span style=\"border: 0px;font-variant: inherit;font-size: inherit;line-height: inherit;margin: 0px;padding: 0px;vertical-align: baseline\"><span style=\"border: 0px;font-variant: inherit;font-size: inherit;line-height: inherit;margin: 0px;padding: 0px;vertical-align: baseline\">\u00a0<\/span><\/span><\/span><\/a><\/span><\/em><\/span><\/span><\/h3>\n<p><span style=\"font-family: inherit;font-weight: normal\"><span style=\"border: 0px;font-style: inherit;font-variant: inherit;font-size: 12pt;line-height: inherit;margin: 0px;padding: 0px;vertical-align: baseline;color: inherit\"><span style=\"border: 0px;font-style: inherit;font-variant: inherit;font-size: inherit;line-height: inherit;margin: 0px;padding: 0px;vertical-align: baseline;color: inherit\"><span style=\"border: 0px;font-style: inherit;font-variant: inherit;font-size: inherit;line-height: inherit;margin: 0px;padding: 0px;vertical-align: baseline;color: inherit\">Som vanligt subventionerar vi lunchen. Du betalar endast 100:-<\/span><\/span><\/span><\/span><\/p>\n<p><span style=\"font-family: inherit;font-weight: normal\"><span style=\"border: 0px;font-style: inherit;font-variant: inherit;font-size: 12pt;line-height: inherit;margin: 0px;padding: 0px;vertical-align: baseline;color: inherit\"><span style=\"border: 0px;font-style: inherit;font-variant: inherit;font-size: inherit;line-height: inherit;margin: 0px;padding: 0px;vertical-align: baseline;color: inherit\"><span style=\"border: 0px;font-style: inherit;font-variant: inherit;font-size: inherit;line-height: inherit;margin: 0px;padding: 0px;vertical-align: baseline;color: inherit\">Anm\u00e4lan enligt nedan senast den 13 april<\/span><\/span><\/span><\/span><\/p>\n<p><span style=\"font-family: inherit;font-weight: normal\"><span style=\"border: 0px;font-style: inherit;font-variant: inherit;font-size: 12pt;line-height: inherit;margin: 0px;padding: 0px;vertical-align: baseline;color: inherit\"><span style=\"border: 0px;font-style: inherit;font-variant: inherit;font-size: inherit;line-height: inherit;margin: 0px;padding: 0px;vertical-align: baseline;color: inherit\"><span style=\"border: 0px;font-style: inherit;font-variant: inherit;font-size: inherit;line-height: inherit;margin: 0px;padding: 0px;vertical-align: baseline;color: inherit\"><\/span><\/span><\/span><\/span><\/p>\n<h3><span style=\"font-family: inherit;font-weight: normal\">\u00a0<span style=\"border: 0px;font-style: inherit;font-variant: inherit;font-size: 12pt;line-height: inherit;margin: 0px;padding: 0px;vertical-align: baseline;color: inherit\">Leif Aljered<span style=\"border: 0px;font-style: inherit;font-variant: inherit;font-size: inherit;line-height: inherit;margin: 0px;padding: 0px;vertical-align: baseline;color: inherit\">\u00a0\u00a0<\/span>070 8774412<span style=\"border: 0px;font-style: inherit;font-variant: inherit;font-size: inherit;line-height: inherit;margin: 0px;padding: 0px;vertical-align: baseline;color: inherit\">\u00a0\u00a0\u00a0<\/span><a href=\"mailto:leifaljered@gmail.com\" data-linkindex=\"0\" title=\"mailto:leifaljered@gmail.com\" style=\"border: 0px;font-style: inherit;font-variant: inherit;font-weight: inherit;font-size: inherit;line-height: inherit;margin: 0px;padding: 0px;vertical-align: baseline\">leifaljered@gmail.com<\/a>\u00a0eller<\/span><\/span><\/h3>\n<h3><span style=\"font-family: inherit;font-weight: normal\">\u00a0<span style=\"border: 0px;font-style: inherit;font-variant: inherit;font-size: 12pt;line-height: inherit;margin: 0px;padding: 0px;vertical-align: baseline;color: inherit\">Sven Johansson, 070-224 3774<span style=\"border: 0px;font-style: inherit;font-variant: inherit;font-size: inherit;line-height: inherit;margin: 0px;padding: 0px;vertical-align: baseline;color: inherit\">\u00a0\u00a0\u00a0<\/span><a href=\"mailto:tralshed@gmail.com\" data-linkindex=\"1\" title=\"mailto:tralshed@gmail.com\" style=\"border: 0px;font-style: inherit;font-variant: inherit;font-weight: inherit;font-size: inherit;line-height: inherit;margin: 0px;padding: 0px;vertical-align: baseline\">tralshed@gmail.com<\/a><\/span><\/span><\/h3>\n<p>[\/et_pb_text][\/et_pb_column][\/et_pb_row][\/et_pb_section]<\/p>\n","protected":false},"excerpt":{"rendered":"<p>Inbjudan till v\u00e5rt \u00f6ppna styrelsem\u00f6te den 15 april i J\u00f6nk\u00f6ping.\u00a0\u00a0 Plats:Hotell Savoy Brunnsgatan 13 J\u00f6nk\u00f6ping\u00a0 Vi b\u00f6rjar med gemensam lunch d\u00e4refter f\u00f6redrag &amp; styrelsem\u00f6te F\u00f6redragsh\u00e5llare \u00e4r: G\u00f6sta Nilsson, fd. Offshore Subsea Manager p\u00e5 DOF, se separat inbjudan\u00a0 Som vanligt subventionerar vi lunchen. Du betalar endast 100:- Anm\u00e4lan enligt nedan senast den 13 april \u00a0Leif Aljered\u00a0\u00a0070 [&hellip;]<\/p>\n","protected":false},"author":14,"featured_media":0,"comment_status":"open","ping_status":"open","sticky":false,"template":"","format":"standard","meta":{"_et_pb_use_builder":"on","_et_pb_old_content":"Kallelse \u00f6ppet styrelsem\u00f6te \r\nTid : Onsdag den 15 april 2026 kl 12:00\r\nPlats : Hotell Savoy Brunnsgatan 13 J\u00f6nk\u00f6ping\r\n Vi b\u00f6rjar med gemensam lunch d\u00e4refter f\u00f6redrag & styrelsem\u00f6te\r\nF\u00f6redragsh\u00e5llare: G\u00f6sta Nilsson, fd. Offshore Subsea Manager p\u00e5 DOF, se separat inbjudan\r\n \r\nSom vanligt subventionerar vi lunchen. Du betalar endast 100:-\r\nDagordning f\u00f6r styrelsem\u00f6tet:\r\n\u00a7 1 \u00d6ppnandet av m\u00f6tet samt godk\u00e4nnande av dagordningen.\r\n\u00a7 2 Avbokning av de n\u00e4rvarande i medlemsmatrikeln.\r\n\u00a7 3 Genomg\u00e5ng av f\u00f6reg\u00e5ende protokoll.\r\n\u00a7 4 Rapport fr\u00e5n kass\u00f6ren.\r\n\u00a7 5 Rapport fr\u00e5n Webbmastern.\r\n\u00a7 6 \u00d6vriga fr\u00e5gor\r\n\u00a7 7 N\u00e4sta sammantr\u00e4de.\r\n\u00a7 8 M\u00f6tet avslutas. \r\n Anm\u00e4l dig senast den 13 april till:\r\nLeif Aljered 070 8774412 leifaljered@gmail.com eller\r\nSven Johansson, 070-224 3774 tralshed@gmail.com\r\n \r\nKom g\u00e4rna med f\u00f6rslag till studiebes\u00f6k\/resm\u00e5l i septembe","_et_gb_content_width":"","iawp_total_views":27,"footnotes":""},"categories":[1],"tags":[],"class_list":["post-39297","post","type-post","status-publish","format-standard","hentry","category-nyheter"],"_links":{"self":[{"href":"https:\/\/marinkamraterna.se\/jonkoping\/wp-json\/wp\/v2\/posts\/39297","targetHints":{"allow":["GET"]}}],"collection":[{"href":"https:\/\/marinkamraterna.se\/jonkoping\/wp-json\/wp\/v2\/posts"}],"about":[{"href":"https:\/\/marinkamraterna.se\/jonkoping\/wp-json\/wp\/v2\/types\/post"}],"author":[{"embeddable":true,"href":"https:\/\/marinkamraterna.se\/jonkoping\/wp-json\/wp\/v2\/users\/14"}],"replies":[{"embeddable":true,"href":"https:\/\/marinkamraterna.se\/jonkoping\/wp-json\/wp\/v2\/comments?post=39297"}],"version-history":[{"count":10,"href":"https:\/\/marinkamraterna.se\/jonkoping\/wp-json\/wp\/v2\/posts\/39297\/revisions"}],"predecessor-version":[{"id":39327,"href":"https:\/\/marinkamraterna.se\/jonkoping\/wp-json\/wp\/v2\/posts\/39297\/revisions\/39327"}],"wp:attachment":[{"href":"https:\/\/marinkamraterna.se\/jonkoping\/wp-json\/wp\/v2\/media?parent=39297"}],"wp:term":[{"taxonomy":"category","embeddable":true,"href":"https:\/\/marinkamraterna.se\/jonkoping\/wp-json\/wp\/v2\/categories?post=39297"},{"taxonomy":"post_tag","embeddable":true,"href":"https:\/\/marinkamraterna.se\/jonkoping\/wp-json\/wp\/v2\/tags?post=39297"}],"curies":[{"name":"wp","href":"https:\/\/api.w.org\/{rel}","templated":true}]}}