{"id":37580,"date":"2026-02-05T12:39:03","date_gmt":"2026-02-05T11:39:03","guid":{"rendered":"https:\/\/marinkamraterna.se\/kalmarsund\/?p=37580"},"modified":"2026-02-05T12:39:03","modified_gmt":"2026-02-05T11:39:03","slug":"stora-och-sma-tal","status":"publish","type":"post","link":"https:\/\/marinkamraterna.se\/kalmarsund\/aktuellt\/2026\/02\/05\/stora-och-sma-tal\/","title":{"rendered":"Stora och sm\u00e5 tal."},"content":{"rendered":"<p>Tisdagen den 20 januari h\u00f6ll Ove Bornvall ett f\u00e4ngslande f\u00f6redrag om det mesta. F\u00f6redraget ans\u00e5gs vara s\u00e5 intressant att den tjugoh\u00f6vdade publiken<\/p>\n<p>bad om en forts\u00e4ttning i april.<\/p>\n<p>Sedvanligt intogs smarriga mackor med dryck efter f\u00f6redraget.<img loading=\"lazy\" decoding=\"async\" class=\"alignnone  wp-image-37581\" src=\"https:\/\/marinkamraterna.se\/kalmarsund\/wp-content\/uploads\/sites\/22\/2026\/02\/IMG_0798-600x450.jpg\" alt=\"\" width=\"276\" height=\"207\" \/><\/p>\n","protected":false},"excerpt":{"rendered":"<p>Tisdagen den 20 januari h\u00f6ll Ove Bornvall ett f\u00e4ngslande f\u00f6redrag om det mesta. F\u00f6redraget ans\u00e5gs vara s\u00e5 intressant att den tjugoh\u00f6vdade publiken bad om en forts\u00e4ttning i april. Sedvanligt intogs smarriga mackor med dryck efter f\u00f6redraget.<\/p>\n","protected":false},"author":19,"featured_media":0,"comment_status":"open","ping_status":"open","sticky":false,"template":"","format":"standard","meta":{"_et_pb_use_builder":"","_et_pb_old_content":"","_et_gb_content_width":"","iawp_total_views":5,"footnotes":""},"categories":[1],"tags":[],"class_list":["post-37580","post","type-post","status-publish","format-standard","hentry","category-nyheter"],"_links":{"self":[{"href":"https:\/\/marinkamraterna.se\/kalmarsund\/wp-json\/wp\/v2\/posts\/37580","targetHints":{"allow":["GET"]}}],"collection":[{"href":"https:\/\/marinkamraterna.se\/kalmarsund\/wp-json\/wp\/v2\/posts"}],"about":[{"href":"https:\/\/marinkamraterna.se\/kalmarsund\/wp-json\/wp\/v2\/types\/post"}],"author":[{"embeddable":true,"href":"https:\/\/marinkamraterna.se\/kalmarsund\/wp-json\/wp\/v2\/users\/19"}],"replies":[{"embeddable":true,"href":"https:\/\/marinkamraterna.se\/kalmarsund\/wp-json\/wp\/v2\/comments?post=37580"}],"version-history":[{"count":1,"href":"https:\/\/marinkamraterna.se\/kalmarsund\/wp-json\/wp\/v2\/posts\/37580\/revisions"}],"predecessor-version":[{"id":37582,"href":"https:\/\/marinkamraterna.se\/kalmarsund\/wp-json\/wp\/v2\/posts\/37580\/revisions\/37582"}],"wp:attachment":[{"href":"https:\/\/marinkamraterna.se\/kalmarsund\/wp-json\/wp\/v2\/media?parent=37580"}],"wp:term":[{"taxonomy":"category","embeddable":true,"href":"https:\/\/marinkamraterna.se\/kalmarsund\/wp-json\/wp\/v2\/categories?post=37580"},{"taxonomy":"post_tag","embeddable":true,"href":"https:\/\/marinkamraterna.se\/kalmarsund\/wp-json\/wp\/v2\/tags?post=37580"}],"curies":[{"name":"wp","href":"https:\/\/api.w.org\/{rel}","templated":true}]}}