{"id":37601,"date":"2026-04-16T15:15:16","date_gmt":"2026-04-16T13:15:16","guid":{"rendered":"https:\/\/marinkamraterna.se\/kalmarsund\/?p=37601"},"modified":"2026-04-16T15:15:16","modified_gmt":"2026-04-16T13:15:16","slug":"vraket-enighed","status":"publish","type":"post","link":"https:\/\/marinkamraterna.se\/kalmarsund\/aktuellt\/2026\/04\/16\/vraket-enighed\/","title":{"rendered":"Vraket Enighed"},"content":{"rendered":"<p>Tisdagen den 17 mars h\u00f6ll Marinkamraterna i Kalmarsund \u00e5rsm\u00f6te. Den nya styrelsens sammans\u00e4ttning \u00e5terfinns under fliken &#8221;styrelse&#8221;.<\/p>\n<p>Roland S avtackades som ordf\u00f6rande men kommer sitta kvar i styrelsen som ledamot.<\/p>\n<p>Ulf W valdes till ny ordf\u00f6rande.<\/p>\n<p>Under \u00e5tnjutande av landg\u00e5ng fick den drygt tjugo h\u00f6vdade f\u00f6rsamlingen lyssna p\u00e5 vrakdykaren Micko Bj\u00f6rk om bland annat hans letande efter vraket Enighed.<img loading=\"lazy\" decoding=\"async\" class=\"alignnone size-medium wp-image-37602\" src=\"https:\/\/marinkamraterna.se\/kalmarsund\/wp-content\/uploads\/sites\/22\/2026\/04\/IMG_0558-600x450.jpg\" alt=\"\" width=\"600\" height=\"450\" \/><img loading=\"lazy\" decoding=\"async\" class=\"alignnone size-medium wp-image-37604\" src=\"https:\/\/marinkamraterna.se\/kalmarsund\/wp-content\/uploads\/sites\/22\/2026\/04\/IMG_0813-1-600x450.jpg\" alt=\"\" width=\"600\" height=\"450\" \/><\/p>\n","protected":false},"excerpt":{"rendered":"<p>Tisdagen den 17 mars h\u00f6ll Marinkamraterna i Kalmarsund \u00e5rsm\u00f6te. Den nya styrelsens sammans\u00e4ttning \u00e5terfinns under fliken &#8221;styrelse&#8221;. Roland S avtackades som ordf\u00f6rande men kommer sitta kvar i styrelsen som ledamot. Ulf W valdes till ny ordf\u00f6rande. Under \u00e5tnjutande av landg\u00e5ng fick den drygt tjugo h\u00f6vdade f\u00f6rsamlingen lyssna p\u00e5 vrakdykaren Micko Bj\u00f6rk om bland annat hans [&hellip;]<\/p>\n","protected":false},"author":19,"featured_media":37603,"comment_status":"open","ping_status":"open","sticky":false,"template":"","format":"standard","meta":{"_et_pb_use_builder":"","_et_pb_old_content":"","_et_gb_content_width":"","iawp_total_views":0,"footnotes":""},"categories":[1],"tags":[],"class_list":["post-37601","post","type-post","status-publish","format-standard","has-post-thumbnail","hentry","category-nyheter"],"_links":{"self":[{"href":"https:\/\/marinkamraterna.se\/kalmarsund\/wp-json\/wp\/v2\/posts\/37601","targetHints":{"allow":["GET"]}}],"collection":[{"href":"https:\/\/marinkamraterna.se\/kalmarsund\/wp-json\/wp\/v2\/posts"}],"about":[{"href":"https:\/\/marinkamraterna.se\/kalmarsund\/wp-json\/wp\/v2\/types\/post"}],"author":[{"embeddable":true,"href":"https:\/\/marinkamraterna.se\/kalmarsund\/wp-json\/wp\/v2\/users\/19"}],"replies":[{"embeddable":true,"href":"https:\/\/marinkamraterna.se\/kalmarsund\/wp-json\/wp\/v2\/comments?post=37601"}],"version-history":[{"count":1,"href":"https:\/\/marinkamraterna.se\/kalmarsund\/wp-json\/wp\/v2\/posts\/37601\/revisions"}],"predecessor-version":[{"id":37605,"href":"https:\/\/marinkamraterna.se\/kalmarsund\/wp-json\/wp\/v2\/posts\/37601\/revisions\/37605"}],"wp:featuredmedia":[{"embeddable":true,"href":"https:\/\/marinkamraterna.se\/kalmarsund\/wp-json\/wp\/v2\/media\/37603"}],"wp:attachment":[{"href":"https:\/\/marinkamraterna.se\/kalmarsund\/wp-json\/wp\/v2\/media?parent=37601"}],"wp:term":[{"taxonomy":"category","embeddable":true,"href":"https:\/\/marinkamraterna.se\/kalmarsund\/wp-json\/wp\/v2\/categories?post=37601"},{"taxonomy":"post_tag","embeddable":true,"href":"https:\/\/marinkamraterna.se\/kalmarsund\/wp-json\/wp\/v2\/tags?post=37601"}],"curies":[{"name":"wp","href":"https:\/\/api.w.org\/{rel}","templated":true}]}}