{"id":37606,"date":"2026-04-16T15:22:59","date_gmt":"2026-04-16T13:22:59","guid":{"rendered":"https:\/\/marinkamraterna.se\/kalmarsund\/?p=37606"},"modified":"2026-04-16T15:22:59","modified_gmt":"2026-04-16T13:22:59","slug":"sma-och-stora-tal-del-2","status":"publish","type":"post","link":"https:\/\/marinkamraterna.se\/kalmarsund\/aktuellt\/2026\/04\/16\/sma-och-stora-tal-del-2\/","title":{"rendered":"Sm\u00e5 och stora tal &#8211; del 2."},"content":{"rendered":"<p>Marinkamraten Ove Bornvall h\u00f6ll sitt f\u00f6redrag d\u00e4r det mesta i livet behandlades. De 17 n\u00e4rvarande kamraterna deltog aktivt med i stundtals livliga diskussioner om bland annat klimatf\u00f6r\u00e4ndringar.<\/p>\n<p>Som sagt intresset var stort och vi kan nog redan nu se fram emot en del tre.<\/p>\n<p>Sedvanlig god macka med dryck intogs medans ny ordf\u00f6rande h\u00f6ll lite medlemsinformation.<img loading=\"lazy\" decoding=\"async\" class=\"alignnone size-medium wp-image-37607\" src=\"https:\/\/marinkamraterna.se\/kalmarsund\/wp-content\/uploads\/sites\/22\/2026\/04\/IMG_0817-600x450.jpg\" alt=\"\" width=\"600\" height=\"450\" \/><img loading=\"lazy\" decoding=\"async\" class=\"alignnone size-medium wp-image-37608\" src=\"https:\/\/marinkamraterna.se\/kalmarsund\/wp-content\/uploads\/sites\/22\/2026\/04\/IMG_0818-600x450.jpg\" alt=\"\" width=\"600\" height=\"450\" \/><\/p>\n","protected":false},"excerpt":{"rendered":"<p>Marinkamraten Ove Bornvall h\u00f6ll sitt f\u00f6redrag d\u00e4r det mesta i livet behandlades. De 17 n\u00e4rvarande kamraterna deltog aktivt med i stundtals livliga diskussioner om bland annat klimatf\u00f6r\u00e4ndringar. Som sagt intresset var stort och vi kan nog redan nu se fram emot en del tre. Sedvanlig god macka med dryck intogs medans ny ordf\u00f6rande h\u00f6ll lite [&hellip;]<\/p>\n","protected":false},"author":19,"featured_media":0,"comment_status":"open","ping_status":"open","sticky":false,"template":"","format":"standard","meta":{"_et_pb_use_builder":"","_et_pb_old_content":"","_et_gb_content_width":"","iawp_total_views":0,"footnotes":""},"categories":[1],"tags":[],"class_list":["post-37606","post","type-post","status-publish","format-standard","hentry","category-nyheter"],"_links":{"self":[{"href":"https:\/\/marinkamraterna.se\/kalmarsund\/wp-json\/wp\/v2\/posts\/37606","targetHints":{"allow":["GET"]}}],"collection":[{"href":"https:\/\/marinkamraterna.se\/kalmarsund\/wp-json\/wp\/v2\/posts"}],"about":[{"href":"https:\/\/marinkamraterna.se\/kalmarsund\/wp-json\/wp\/v2\/types\/post"}],"author":[{"embeddable":true,"href":"https:\/\/marinkamraterna.se\/kalmarsund\/wp-json\/wp\/v2\/users\/19"}],"replies":[{"embeddable":true,"href":"https:\/\/marinkamraterna.se\/kalmarsund\/wp-json\/wp\/v2\/comments?post=37606"}],"version-history":[{"count":2,"href":"https:\/\/marinkamraterna.se\/kalmarsund\/wp-json\/wp\/v2\/posts\/37606\/revisions"}],"predecessor-version":[{"id":37610,"href":"https:\/\/marinkamraterna.se\/kalmarsund\/wp-json\/wp\/v2\/posts\/37606\/revisions\/37610"}],"wp:attachment":[{"href":"https:\/\/marinkamraterna.se\/kalmarsund\/wp-json\/wp\/v2\/media?parent=37606"}],"wp:term":[{"taxonomy":"category","embeddable":true,"href":"https:\/\/marinkamraterna.se\/kalmarsund\/wp-json\/wp\/v2\/categories?post=37606"},{"taxonomy":"post_tag","embeddable":true,"href":"https:\/\/marinkamraterna.se\/kalmarsund\/wp-json\/wp\/v2\/tags?post=37606"}],"curies":[{"name":"wp","href":"https:\/\/api.w.org\/{rel}","templated":true}]}}