{"id":41015,"date":"2026-02-15T14:53:19","date_gmt":"2026-02-15T13:53:19","guid":{"rendered":"https:\/\/marinkamraterna.se\/karlskrona\/?p=41015"},"modified":"2026-02-15T17:49:07","modified_gmt":"2026-02-15T16:49:07","slug":"medlemsmote-februari-2026","status":"publish","type":"post","link":"https:\/\/marinkamraterna.se\/karlskrona\/aktuellt\/2026\/02\/15\/medlemsmote-februari-2026\/","title":{"rendered":"Medlemsm\u00f6te februari 2026."},"content":{"rendered":"<h2>Torsdagen den 12 februari samlades 35 medlemmar f\u00f6r att lyssna p\u00e5 ett f\u00f6redrag om Fregatten Eugenies v\u00e4rlsomsegling 1851-1853.<\/h2>\n<h2>Kv\u00e4llen inleddes som vanligt med mingel, lottk\u00f6p och intagande av st\u00e4rkande elixir f\u00f6r de som inte beh\u00f6ver framf\u00f6ra fordon efter m\u00f6tet. Ordf\u00f6randen Lars Sager \u00f6ppnade m\u00f6tet och h\u00e4lsade alla v\u00e4lkomna.<\/h2>\n<h2>F\u00f6reg\u00e5ende m\u00f6tes protokoll f\u00f6redrogs, godk\u00e4ndes och lades till handlingarna.<\/h2>\n<h2>Styrelsen informerade om medlemsl\u00e4get, ekonomin och n\u00e4rst\u00e5ende aktiviteter.<\/h2>\n<h2>Nya och &#8221;nygamla&#8221; medlemmar h\u00e4lsades v\u00e4lkomna.<\/h2>\n<h2>Odd Siggelkow och Yvonne Eriksson tilldelades f\u00f6reningens medlemsn\u00e5l.<\/h2>\n<h2>Annelie Sager och Elisabeth Johansson tilldelades f\u00f6reningens Hedersm\u00e4rke f\u00f6r sina gedigna insatser f\u00f6r f\u00f6reningen.<\/h2>\n<h2>D\u00e4refter avnj\u00f6ts kv\u00e4llens h\u00f6jdpunkt i form av kroppkakor med tillbeh\u00f6r.<\/h2>\n<h2>Mats Holmer h\u00f6ll d\u00e4refter ett mycket intresant f\u00f6redrag om Fregatten Eugenis v\u00e4rldomsegling \u00e5ren 1851-53. Mats fick som tack emottaga boken &#8221;Flottans M\u00e4n ber\u00e4ttar mera&#8221;.<\/h2>\n<h2>Lotteriet utf\u00f6ll som vanligt till den f\u00f6rre kass\u00f6rens f\u00f6rdel.<\/h2>\n<p>&nbsp;<\/p>\n<p><img loading=\"lazy\" decoding=\"async\" class=\"alignnone size-medium wp-image-41020\" src=\"https:\/\/marinkamraterna.se\/karlskrona\/wp-content\/uploads\/sites\/24\/2026\/02\/image8-2-450x600.jpeg\" alt=\"\" width=\"450\" height=\"600\" srcset=\"https:\/\/marinkamraterna.se\/karlskrona\/wp-content\/uploads\/sites\/24\/2026\/02\/image8-2-450x600.jpeg 450w, https:\/\/marinkamraterna.se\/karlskrona\/wp-content\/uploads\/sites\/24\/2026\/02\/image8-2-225x300.jpeg 225w, https:\/\/marinkamraterna.se\/karlskrona\/wp-content\/uploads\/sites\/24\/2026\/02\/image8-2-rotated.jpeg 480w\" sizes=\"(max-width: 450px) 100vw, 450px\" \/><\/p>\n<p>Kroppkakor p\u00e5 v\u00e4g&#8230;<\/p>\n<h2><img loading=\"lazy\" decoding=\"async\" class=\"alignnone size-medium wp-image-40998\" src=\"https:\/\/marinkamraterna.se\/karlskrona\/wp-content\/uploads\/sites\/24\/2026\/02\/image9-450x600.jpeg\" alt=\"\" width=\"450\" height=\"600\" srcset=\"https:\/\/marinkamraterna.se\/karlskrona\/wp-content\/uploads\/sites\/24\/2026\/02\/image9-450x600.jpeg 450w, https:\/\/marinkamraterna.se\/karlskrona\/wp-content\/uploads\/sites\/24\/2026\/02\/image9-225x300.jpeg 225w, https:\/\/marinkamraterna.se\/karlskrona\/wp-content\/uploads\/sites\/24\/2026\/02\/image9-rotated.jpeg 480w\" sizes=\"(max-width: 450px) 100vw, 450px\" \/><\/h2>\n<p>Yvonne f\u00e5r medlemsn\u00e5len!<\/p>\n<p><img loading=\"lazy\" decoding=\"async\" class=\"alignnone size-medium wp-image-41022\" src=\"https:\/\/marinkamraterna.se\/karlskrona\/wp-content\/uploads\/sites\/24\/2026\/02\/image3-2-450x600.jpeg\" alt=\"\" width=\"450\" height=\"600\" srcset=\"https:\/\/marinkamraterna.se\/karlskrona\/wp-content\/uploads\/sites\/24\/2026\/02\/image3-2-450x600.jpeg 450w, https:\/\/marinkamraterna.se\/karlskrona\/wp-content\/uploads\/sites\/24\/2026\/02\/image3-2-225x300.jpeg 225w, https:\/\/marinkamraterna.se\/karlskrona\/wp-content\/uploads\/sites\/24\/2026\/02\/image3-2-rotated.jpeg 480w\" sizes=\"(max-width: 450px) 100vw, 450px\" \/><\/p>\n<p>Fotografen beundras????<\/p>\n<p><img loading=\"lazy\" decoding=\"async\" class=\"alignnone size-medium wp-image-41017\" src=\"https:\/\/marinkamraterna.se\/karlskrona\/wp-content\/uploads\/sites\/24\/2026\/02\/image11-2-450x600.jpeg\" alt=\"\" width=\"450\" height=\"600\" srcset=\"https:\/\/marinkamraterna.se\/karlskrona\/wp-content\/uploads\/sites\/24\/2026\/02\/image11-2-450x600.jpeg 450w, https:\/\/marinkamraterna.se\/karlskrona\/wp-content\/uploads\/sites\/24\/2026\/02\/image11-2-225x300.jpeg 225w, https:\/\/marinkamraterna.se\/karlskrona\/wp-content\/uploads\/sites\/24\/2026\/02\/image11-2-rotated.jpeg 480w\" sizes=\"(max-width: 450px) 100vw, 450px\" \/><\/p>\n<p>Annelie och Elisabeth honoreras!<\/p>\n<p><img loading=\"lazy\" decoding=\"async\" class=\"alignnone size-medium wp-image-41023\" src=\"https:\/\/marinkamraterna.se\/karlskrona\/wp-content\/uploads\/sites\/24\/2026\/02\/image2-2-450x600.jpeg\" alt=\"\" width=\"450\" height=\"600\" srcset=\"https:\/\/marinkamraterna.se\/karlskrona\/wp-content\/uploads\/sites\/24\/2026\/02\/image2-2-450x600.jpeg 450w, https:\/\/marinkamraterna.se\/karlskrona\/wp-content\/uploads\/sites\/24\/2026\/02\/image2-2-225x300.jpeg 225w, https:\/\/marinkamraterna.se\/karlskrona\/wp-content\/uploads\/sites\/24\/2026\/02\/image2-2-rotated.jpeg 480w\" sizes=\"(max-width: 450px) 100vw, 450px\" \/><\/p>\n<p>Mycket intressant f\u00f6redrag av v\u00e5r blivande medlem Mats Holmer!<\/p>\n<p><img loading=\"lazy\" decoding=\"async\" class=\"alignnone size-medium wp-image-41025\" src=\"https:\/\/marinkamraterna.se\/karlskrona\/wp-content\/uploads\/sites\/24\/2026\/02\/image0-2-450x600.jpeg\" alt=\"\" width=\"450\" height=\"600\" srcset=\"https:\/\/marinkamraterna.se\/karlskrona\/wp-content\/uploads\/sites\/24\/2026\/02\/image0-2-450x600.jpeg 450w, https:\/\/marinkamraterna.se\/karlskrona\/wp-content\/uploads\/sites\/24\/2026\/02\/image0-2-225x300.jpeg 225w, https:\/\/marinkamraterna.se\/karlskrona\/wp-content\/uploads\/sites\/24\/2026\/02\/image0-2-rotated.jpeg 480w\" sizes=\"(max-width: 450px) 100vw, 450px\" \/><\/p>\n<p>Tack och bock!<\/p>\n","protected":false},"excerpt":{"rendered":"<p>Torsdagen den 12 februari samlades 35 medlemmar f\u00f6r att lyssna p\u00e5 ett f\u00f6redrag om Fregatten Eugenies v\u00e4rlsomsegling 1851-1853. Kv\u00e4llen inleddes som vanligt med mingel, lottk\u00f6p och intagande av st\u00e4rkande elixir f\u00f6r de som inte beh\u00f6ver framf\u00f6ra fordon efter m\u00f6tet. Ordf\u00f6randen Lars Sager \u00f6ppnade m\u00f6tet och h\u00e4lsade alla v\u00e4lkomna. F\u00f6reg\u00e5ende m\u00f6tes protokoll f\u00f6redrogs, godk\u00e4ndes och lades [&hellip;]<\/p>\n","protected":false},"author":21,"featured_media":0,"comment_status":"open","ping_status":"open","sticky":false,"template":"","format":"standard","meta":{"_et_pb_use_builder":"on","_et_pb_old_content":"<h2>Torsdagen den 12 februari samlades 35 medlemmar f\u00f6r att lyssna p\u00e5 ett f\u00f6redrag om Fregatten Eugenies v\u00e4rlsomsegling 1851-1853.<\/h2>\r\n<h2>Kv\u00e4llen inleddes som vanligt med mingel, lottk\u00f6p och intagande av st\u00e4rkande elixir f\u00f6r de som inte beh\u00f6ver framf\u00f6ra fordon efter m\u00f6tet. Ordf\u00f6randen Lars Sager \u00f6ppnade m\u00f6tet och h\u00e4lsade alla v\u00e4lkomna.<\/h2>\r\n<h2>F\u00f6reg\u00e5ende m\u00f6tes protokoll f\u00f6redrogs, godk\u00e4ndes och lades till handlingarna.<\/h2>\r\n<h2>Styrelsen informerade om medlemsl\u00e4get, ekonomin och n\u00e4rst\u00e5ende aktiviteter.<\/h2>\r\n<h2>Nya och \"nygamla\" medlemmar h\u00e4lsades v\u00e4lkomna.<\/h2>\r\n<h2>Odd Siggelkow och Yvonne Eriksson tilldelades f\u00f6reningens medlemsn\u00e5l.<\/h2>\r\n<h2>Annelie Sager och Elisabeth Johansson tilldelades f\u00f6reningens Hedersm\u00e4rke f\u00f6r sina gedigna insatser f\u00f6r f\u00f6reningen.<\/h2>\r\n<h2>D\u00e4refter avnj\u00f6ts kv\u00e4llens h\u00f6jdpunkt i form av kroppkakor med tillbeh\u00f6r.<\/h2>\r\n<h2>Mats Holmer h\u00f6ll d\u00e4refter ett mycket intresant f\u00f6redrag om Fregatten Eugenis v\u00e4rldomsegling \u00e5ren 1851-53. Mats fick som tack emottaga boken \"Flottans M\u00e4n ber\u00e4ttar mera\".<\/h2>\r\n<h2>Lotteriet utf\u00f6ll som vanligt till den f\u00f6rre kass\u00f6rens f\u00f6rdel.<\/h2>\r\n&nbsp;\r\n\r\n<img class=\"alignnone size-medium wp-image-41020\" src=\"https:\/\/marinkamraterna.se\/karlskrona\/wp-content\/uploads\/sites\/24\/2026\/02\/image8-2-450x600.jpeg\" alt=\"\" width=\"450\" height=\"600\" \/>\r\n\r\nKroppkakor p\u00e5 v\u00e4g...\r\n<h2><img class=\"alignnone size-medium wp-image-40998\" src=\"https:\/\/marinkamraterna.se\/karlskrona\/wp-content\/uploads\/sites\/24\/2026\/02\/image9-450x600.jpeg\" alt=\"\" width=\"450\" height=\"600\" \/><\/h2>\r\nYvonne f\u00e5r medlemsn\u00e5len!\r\n\r\n<img class=\"alignnone size-medium wp-image-41022\" src=\"https:\/\/marinkamraterna.se\/karlskrona\/wp-content\/uploads\/sites\/24\/2026\/02\/image3-2-450x600.jpeg\" alt=\"\" width=\"450\" height=\"600\" \/>\r\n\r\nFotografen beundras????\r\n\r\n<img class=\"alignnone size-medium wp-image-41017\" src=\"https:\/\/marinkamraterna.se\/karlskrona\/wp-content\/uploads\/sites\/24\/2026\/02\/image11-2-450x600.jpeg\" alt=\"\" width=\"450\" height=\"600\" \/>\r\n\r\nAnnelie och Elisabeth honoreras!\r\n\r\n<img class=\"alignnone size-medium wp-image-41023\" src=\"https:\/\/marinkamraterna.se\/karlskrona\/wp-content\/uploads\/sites\/24\/2026\/02\/image2-2-450x600.jpeg\" alt=\"\" width=\"450\" height=\"600\" \/>\r\n\r\nMycket intressant f\u00f6redrag av v\u00e5r blivande medlem Mats Holmer!\r\n\r\n<img class=\"alignnone size-medium wp-image-41025\" src=\"https:\/\/marinkamraterna.se\/karlskrona\/wp-content\/uploads\/sites\/24\/2026\/02\/image0-2-450x600.jpeg\" alt=\"\" width=\"450\" height=\"600\" \/>\r\n\r\nTack och bock!","_et_gb_content_width":"","iawp_total_views":24,"footnotes":""},"categories":[1],"tags":[],"class_list":["post-41015","post","type-post","status-publish","format-standard","hentry","category-nyheter"],"_links":{"self":[{"href":"https:\/\/marinkamraterna.se\/karlskrona\/wp-json\/wp\/v2\/posts\/41015","targetHints":{"allow":["GET"]}}],"collection":[{"href":"https:\/\/marinkamraterna.se\/karlskrona\/wp-json\/wp\/v2\/posts"}],"about":[{"href":"https:\/\/marinkamraterna.se\/karlskrona\/wp-json\/wp\/v2\/types\/post"}],"author":[{"embeddable":true,"href":"https:\/\/marinkamraterna.se\/karlskrona\/wp-json\/wp\/v2\/users\/21"}],"replies":[{"embeddable":true,"href":"https:\/\/marinkamraterna.se\/karlskrona\/wp-json\/wp\/v2\/comments?post=41015"}],"version-history":[{"count":3,"href":"https:\/\/marinkamraterna.se\/karlskrona\/wp-json\/wp\/v2\/posts\/41015\/revisions"}],"predecessor-version":[{"id":41028,"href":"https:\/\/marinkamraterna.se\/karlskrona\/wp-json\/wp\/v2\/posts\/41015\/revisions\/41028"}],"wp:attachment":[{"href":"https:\/\/marinkamraterna.se\/karlskrona\/wp-json\/wp\/v2\/media?parent=41015"}],"wp:term":[{"taxonomy":"category","embeddable":true,"href":"https:\/\/marinkamraterna.se\/karlskrona\/wp-json\/wp\/v2\/categories?post=41015"},{"taxonomy":"post_tag","embeddable":true,"href":"https:\/\/marinkamraterna.se\/karlskrona\/wp-json\/wp\/v2\/tags?post=41015"}],"curies":[{"name":"wp","href":"https:\/\/api.w.org\/{rel}","templated":true}]}}