{"id":41081,"date":"2026-04-15T10:56:29","date_gmt":"2026-04-15T08:56:29","guid":{"rendered":"https:\/\/marinkamraterna.se\/karlskrona\/?p=41081"},"modified":"2026-04-15T10:56:29","modified_gmt":"2026-04-15T08:56:29","slug":"besok-roxtec-9-april","status":"publish","type":"post","link":"https:\/\/marinkamraterna.se\/karlskrona\/aktuellt\/2026\/04\/15\/besok-roxtec-9-april\/","title":{"rendered":"Bes\u00f6k Roxtec 9 april"},"content":{"rendered":"<h2>Den 9\/4 bes\u00f6kte 18 medlemmar Roxtec ute p\u00e5 Verk\u00f6.<\/h2>\n<h2>Vi togs emot av bes\u00f6ksansvarig Maria Pettersson. Bes\u00f6ket inleddes med fika. Maria h\u00f6ll en mycket informativ genomg\u00e5ng om f\u00f6retaget. Roxtec har genomf\u00f6rt en fantastisk utveckling fr\u00e5n starten 1990 och expansionen forts\u00e4tter of\u00f6rtrutet med h\u00f6gt satta m\u00e5l.<\/h2>\n<h2>Efter genomg\u00e5ngen vidtog en rundvandring i anl\u00e4ggningen. Som avslutning tackade vi Maria f\u00f6r ett mycket intressant bes\u00f6k med en bokg\u00e5va. Vi passade p\u00e5 att avrunda med att dela ut medlemsn\u00e5len till Mikael Johannesson som ber\u00e4ttade om sin bakgrund och sin tid i Marinens tj\u00e4nst.<\/h2>\n<h2>Det blev ett mycket lyckat bes\u00f6k och samtliga deltagare uttryckte sitt gillande.<\/h2>\n<h3>PS. Det r\u00e5der fotof\u00f6rbud ute i produktionen, d\u00e4rf\u00f6r inga bilder d\u00e4rifr\u00e5n.DS<\/h3>\n<h3>Tommy Johansson<\/h3>\n<h2><img loading=\"lazy\" decoding=\"async\" class=\"alignnone size-medium wp-image-41080\" src=\"https:\/\/marinkamraterna.se\/karlskrona\/wp-content\/uploads\/sites\/24\/2026\/04\/image0-2-450x600.jpeg\" alt=\"\" width=\"450\" height=\"600\" srcset=\"https:\/\/marinkamraterna.se\/karlskrona\/wp-content\/uploads\/sites\/24\/2026\/04\/image0-2-450x600.jpeg 450w, https:\/\/marinkamraterna.se\/karlskrona\/wp-content\/uploads\/sites\/24\/2026\/04\/image0-2-225x300.jpeg 225w, https:\/\/marinkamraterna.se\/karlskrona\/wp-content\/uploads\/sites\/24\/2026\/04\/image0-2-rotated.jpeg 480w\" sizes=\"(max-width: 450px) 100vw, 450px\" \/> <img loading=\"lazy\" decoding=\"async\" class=\"alignnone size-medium wp-image-41079\" src=\"https:\/\/marinkamraterna.se\/karlskrona\/wp-content\/uploads\/sites\/24\/2026\/04\/image1-2-600x450.jpeg\" alt=\"\" width=\"600\" height=\"450\" srcset=\"https:\/\/marinkamraterna.se\/karlskrona\/wp-content\/uploads\/sites\/24\/2026\/04\/image1-2-600x450.jpeg 600w, https:\/\/marinkamraterna.se\/karlskrona\/wp-content\/uploads\/sites\/24\/2026\/04\/image1-2-480x360.jpeg 480w\" sizes=\"(min-width: 0px) and (max-width: 480px) 480px, (min-width: 481px) 600px, 100vw\" \/> <img loading=\"lazy\" decoding=\"async\" class=\"alignnone size-medium wp-image-41078\" src=\"https:\/\/marinkamraterna.se\/karlskrona\/wp-content\/uploads\/sites\/24\/2026\/04\/image2-2-600x450.jpeg\" alt=\"\" width=\"600\" height=\"450\" srcset=\"https:\/\/marinkamraterna.se\/karlskrona\/wp-content\/uploads\/sites\/24\/2026\/04\/image2-2-600x450.jpeg 600w, https:\/\/marinkamraterna.se\/karlskrona\/wp-content\/uploads\/sites\/24\/2026\/04\/image2-2-480x360.jpeg 480w\" sizes=\"(min-width: 0px) and (max-width: 480px) 480px, (min-width: 481px) 600px, 100vw\" \/> <img loading=\"lazy\" decoding=\"async\" class=\"alignnone size-medium wp-image-41074\" src=\"https:\/\/marinkamraterna.se\/karlskrona\/wp-content\/uploads\/sites\/24\/2026\/04\/image1-4-526x600.jpeg\" alt=\"\" width=\"526\" height=\"600\" \/> <img loading=\"lazy\" decoding=\"async\" class=\"alignnone size-medium wp-image-41073\" src=\"https:\/\/marinkamraterna.se\/karlskrona\/wp-content\/uploads\/sites\/24\/2026\/04\/image2-3-498x600.jpeg\" alt=\"\" width=\"498\" height=\"600\" \/> <img loading=\"lazy\" decoding=\"async\" class=\"alignnone size-medium wp-image-41072\" src=\"https:\/\/marinkamraterna.se\/karlskrona\/wp-content\/uploads\/sites\/24\/2026\/04\/image3-2-400x600.jpeg\" alt=\"\" width=\"400\" height=\"600\" \/> <img loading=\"lazy\" decoding=\"async\" class=\"alignnone size-medium wp-image-41071\" src=\"https:\/\/marinkamraterna.se\/karlskrona\/wp-content\/uploads\/sites\/24\/2026\/04\/image6-1-450x600.jpeg\" alt=\"\" width=\"450\" height=\"600\" \/> <img loading=\"lazy\" decoding=\"async\" class=\"alignnone size-medium wp-image-41070\" src=\"https:\/\/marinkamraterna.se\/karlskrona\/wp-content\/uploads\/sites\/24\/2026\/04\/image5-2-526x600.jpeg\" alt=\"\" width=\"526\" height=\"600\" \/><\/h2>\n<p>&nbsp;<\/p>\n","protected":false},"excerpt":{"rendered":"<p>Den 9\/4 bes\u00f6kte 18 medlemmar Roxtec ute p\u00e5 Verk\u00f6. Vi togs emot av bes\u00f6ksansvarig Maria Pettersson. Bes\u00f6ket inleddes med fika. Maria h\u00f6ll en mycket informativ genomg\u00e5ng om f\u00f6retaget. Roxtec har genomf\u00f6rt en fantastisk utveckling fr\u00e5n starten 1990 och expansionen forts\u00e4tter of\u00f6rtrutet med h\u00f6gt satta m\u00e5l. Efter genomg\u00e5ngen vidtog en rundvandring i anl\u00e4ggningen. Som avslutning tackade [&hellip;]<\/p>\n","protected":false},"author":21,"featured_media":0,"comment_status":"open","ping_status":"open","sticky":false,"template":"","format":"standard","meta":{"_et_pb_use_builder":"","_et_pb_old_content":"","_et_gb_content_width":"","iawp_total_views":8,"footnotes":""},"categories":[1],"tags":[],"class_list":["post-41081","post","type-post","status-publish","format-standard","hentry","category-nyheter"],"_links":{"self":[{"href":"https:\/\/marinkamraterna.se\/karlskrona\/wp-json\/wp\/v2\/posts\/41081","targetHints":{"allow":["GET"]}}],"collection":[{"href":"https:\/\/marinkamraterna.se\/karlskrona\/wp-json\/wp\/v2\/posts"}],"about":[{"href":"https:\/\/marinkamraterna.se\/karlskrona\/wp-json\/wp\/v2\/types\/post"}],"author":[{"embeddable":true,"href":"https:\/\/marinkamraterna.se\/karlskrona\/wp-json\/wp\/v2\/users\/21"}],"replies":[{"embeddable":true,"href":"https:\/\/marinkamraterna.se\/karlskrona\/wp-json\/wp\/v2\/comments?post=41081"}],"version-history":[{"count":1,"href":"https:\/\/marinkamraterna.se\/karlskrona\/wp-json\/wp\/v2\/posts\/41081\/revisions"}],"predecessor-version":[{"id":41082,"href":"https:\/\/marinkamraterna.se\/karlskrona\/wp-json\/wp\/v2\/posts\/41081\/revisions\/41082"}],"wp:attachment":[{"href":"https:\/\/marinkamraterna.se\/karlskrona\/wp-json\/wp\/v2\/media?parent=41081"}],"wp:term":[{"taxonomy":"category","embeddable":true,"href":"https:\/\/marinkamraterna.se\/karlskrona\/wp-json\/wp\/v2\/categories?post=41081"},{"taxonomy":"post_tag","embeddable":true,"href":"https:\/\/marinkamraterna.se\/karlskrona\/wp-json\/wp\/v2\/tags?post=41081"}],"curies":[{"name":"wp","href":"https:\/\/api.w.org\/{rel}","templated":true}]}}