{"id":40556,"date":"2026-02-12T22:17:36","date_gmt":"2026-02-12T21:17:36","guid":{"rendered":"https:\/\/marinkamraterna.se\/malmo\/?p=40556"},"modified":"2026-02-25T10:28:15","modified_gmt":"2026-02-25T09:28:15","slug":"dags-arsmotet-2026","status":"publish","type":"post","link":"https:\/\/marinkamraterna.se\/malmo\/aktuellt\/2026\/02\/12\/dags-arsmotet-2026\/","title":{"rendered":"\u00c5rsm\u00f6tet 2026"},"content":{"rendered":"<h5><span style=\"color: #ff0000\">Du kan nu l\u00e4sa om detta m\u00f6te om du g\u00e5r till sidan om v\u00e5ra\u00a0<span style=\"color: #3366ff\"><a style=\"color: #3366ff\" href=\"https:\/\/marinkamraterna.se\/malmo\/startsidan\/om-foreningen\/verksamhetsberattelse\/\"><strong><u>Verksamheter<\/u><\/strong><\/a><strong>\u00a0<\/strong><\/span>och \u00f6ppnar \u201dVerksamhet 2026\u201d.<\/span><\/h5>\n<h3><strong>Medlemmar i Marinkamraterna i Malm\u00f6!<\/strong><\/h3>\n<h3><strong>Det \u00e4r nu dags att anm\u00e4la sig till v\u00e5rt sedvanliga \u00e5rsm\u00f6te:<\/strong><\/h3>\n<h3><strong>M\u00e5ndagen den 23 februari kl. 18:30<\/strong><\/h3>\n<h5>Alla papper m.m. till m\u00f6tet kommer att finnas p\u00e5 plats.<br \/>\nLena Hultman i byssan kommer att servera Porchetta med potatisgrat\u00e4ng och gr\u00f6nsaker.<br \/>\nTill kaffet blir det semla-kladdkaka.<br \/>\nVi forts\u00e4tter med samma pris i \u00e5r, 180 kronor.<br \/>\n\u00d6nskas bara kaffe och kaka kostar det 50 kronor.<\/h5>\n<h4>Vi kommer att inte att ha n\u00e5got boklotteri denna kv\u00e4ll.<\/h4>\n<h4>Som vanligt anm\u00e4ler ni er f\u00f6rst via mail till <span style=\"color: #00ccff\"><span style=\"color: #3366ff\"><u><a style=\"color: #3366ff\" href=\"mailto:malmo@marinkamraterna.se\" data-linkindex=\"0\">malmo@marinkamraterna.se<\/a><\/u><\/span>.<\/span><br \/>\nOch sedan s\u00e4tter ni in 180 eller 50 kronor p\u00e5 f\u00f6reningens konto:<br \/>\nPlusgiro: 39753-9<\/h4>\n<h4>Senast p\u00e5 onsdag 18 februari m\u00e5ste vi ha er anm\u00e4lan!<br \/>\nObs! F\u00f6r att vara med och ev. r\u00f6sta p\u00e5 \u00e5rsm\u00f6tet m\u00e5ste \u00e5rsavgiften f\u00f6r 2026 vara betald!<\/h4>\n<p><span style=\"color: #3366ff\"><a style=\"color: #3366ff\" href=\"https:\/\/marinkamraterna.se\/malmo\/startsidan\/om-foreningen\/kontakt\/\"><u>Klicka h\u00e4r f\u00f6r att hitta till lokalen!<\/u><\/a><\/span><br \/>\nVarmt V\u00e4lkomna!<br \/>\nStyrelsen<br \/>\n<img loading=\"lazy\" decoding=\"async\" class=\"alignnone wp-image-33183\" src=\"https:\/\/marinkamraterna.se\/malmo\/wp-content\/uploads\/sites\/26\/2021\/03\/cropped-favicon-300x300.png\" alt=\"\" width=\"64\" height=\"64\" \/><br \/>\nF\u00f6reningen Marinkamraterna\u00a0 i Malm\u00f6<br \/>\nKamratskap \u00d6rlogstradition Sj\u00f6f\u00f6rsvar<\/p>\n<p><img loading=\"lazy\" decoding=\"async\" class=\"alignnone size-medium wp-image-40559\" src=\"https:\/\/marinkamraterna.se\/malmo\/wp-content\/uploads\/sites\/26\/2026\/02\/Flottan_kallar-493x600.jpg\" alt=\"\" width=\"493\" height=\"600\" srcset=\"https:\/\/marinkamraterna.se\/malmo\/wp-content\/uploads\/sites\/26\/2026\/02\/Flottan_kallar-493x600.jpg 493w, https:\/\/marinkamraterna.se\/malmo\/wp-content\/uploads\/sites\/26\/2026\/02\/Flottan_kallar-480x584.jpg 480w\" sizes=\"(min-width: 0px) and (max-width: 480px) 480px, (min-width: 481px) 493px, 100vw\" \/><\/p>\n","protected":false},"excerpt":{"rendered":"<p>Du kan nu l\u00e4sa om detta m\u00f6te om du g\u00e5r till sidan om v\u00e5ra\u00a0Verksamheter\u00a0och \u00f6ppnar \u201dVerksamhet 2026\u201d. Medlemmar i Marinkamraterna i Malm\u00f6! Det \u00e4r nu dags att anm\u00e4la sig till v\u00e5rt sedvanliga \u00e5rsm\u00f6te: M\u00e5ndagen den 23 februari kl. 18:30 Alla papper m.m. till m\u00f6tet kommer att finnas p\u00e5 plats. Lena Hultman i byssan kommer att [&hellip;]<\/p>\n","protected":false},"author":23,"featured_media":0,"comment_status":"open","ping_status":"open","sticky":false,"template":"","format":"standard","meta":{"_et_pb_use_builder":"","_et_pb_old_content":"","_et_gb_content_width":"","iawp_total_views":20,"footnotes":""},"categories":[1],"tags":[],"class_list":["post-40556","post","type-post","status-publish","format-standard","hentry","category-nyheter"],"_links":{"self":[{"href":"https:\/\/marinkamraterna.se\/malmo\/wp-json\/wp\/v2\/posts\/40556","targetHints":{"allow":["GET"]}}],"collection":[{"href":"https:\/\/marinkamraterna.se\/malmo\/wp-json\/wp\/v2\/posts"}],"about":[{"href":"https:\/\/marinkamraterna.se\/malmo\/wp-json\/wp\/v2\/types\/post"}],"author":[{"embeddable":true,"href":"https:\/\/marinkamraterna.se\/malmo\/wp-json\/wp\/v2\/users\/23"}],"replies":[{"embeddable":true,"href":"https:\/\/marinkamraterna.se\/malmo\/wp-json\/wp\/v2\/comments?post=40556"}],"version-history":[{"count":8,"href":"https:\/\/marinkamraterna.se\/malmo\/wp-json\/wp\/v2\/posts\/40556\/revisions"}],"predecessor-version":[{"id":40574,"href":"https:\/\/marinkamraterna.se\/malmo\/wp-json\/wp\/v2\/posts\/40556\/revisions\/40574"}],"wp:attachment":[{"href":"https:\/\/marinkamraterna.se\/malmo\/wp-json\/wp\/v2\/media?parent=40556"}],"wp:term":[{"taxonomy":"category","embeddable":true,"href":"https:\/\/marinkamraterna.se\/malmo\/wp-json\/wp\/v2\/categories?post=40556"},{"taxonomy":"post_tag","embeddable":true,"href":"https:\/\/marinkamraterna.se\/malmo\/wp-json\/wp\/v2\/tags?post=40556"}],"curies":[{"name":"wp","href":"https:\/\/api.w.org\/{rel}","templated":true}]}}