{"id":40565,"date":"2026-02-21T14:27:25","date_gmt":"2026-02-21T13:27:25","guid":{"rendered":"https:\/\/marinkamraterna.se\/malmo\/?p=40565"},"modified":"2026-03-08T22:55:27","modified_gmt":"2026-03-08T21:55:27","slug":"franskt-hangarfartyg-till-malmo","status":"publish","type":"post","link":"https:\/\/marinkamraterna.se\/malmo\/aktuellt\/2026\/02\/21\/franskt-hangarfartyg-till-malmo\/","title":{"rendered":"Franskt hangarfartyg har bes\u00f6kt Malm\u00f6"},"content":{"rendered":"<p>Det franska hangarfartyget Charles de Gaulle har bes\u00f6kt Malm\u00f6 i februari och stannat i ett par dagar. Bes\u00f6ket skedd inom ramen f\u00f6r Natos ordinarie \u00f6vningsverksamhet.<br \/>\nL\u00e4s mer h\u00e4r:<br \/>\n<a href=\"https:\/\/www.forsvarsmakten.se\/aktuellt\/nyheter\/franskt-hangarfartyg-till-sverige\/\">https:\/\/www.forsvarsmakten.se\/aktuellt\/nyheter\/franskt-hangarfartyg-till-sverige\/<\/a><\/p>\n<p><img loading=\"lazy\" decoding=\"async\" class=\"alignnone size-medium wp-image-40575\" src=\"https:\/\/marinkamraterna.se\/malmo\/wp-content\/uploads\/sites\/26\/2026\/02\/Charels-de-Gaulle-i-Malmo-2026-02-24-600x349.jpg\" alt=\"\" width=\"600\" height=\"349\" \/><\/p>\n<p>&nbsp;<\/p>\n","protected":false},"excerpt":{"rendered":"<p>Det franska hangarfartyget Charles de Gaulle har bes\u00f6kt Malm\u00f6 i februari och stannat i ett par dagar. Bes\u00f6ket skedd inom ramen f\u00f6r Natos ordinarie \u00f6vningsverksamhet. L\u00e4s mer h\u00e4r: https:\/\/www.forsvarsmakten.se\/aktuellt\/nyheter\/franskt-hangarfartyg-till-sverige\/ &nbsp;<\/p>\n","protected":false},"author":23,"featured_media":0,"comment_status":"open","ping_status":"open","sticky":false,"template":"","format":"standard","meta":{"_et_pb_use_builder":"","_et_pb_old_content":"","_et_gb_content_width":"","iawp_total_views":76,"footnotes":""},"categories":[1],"tags":[],"class_list":["post-40565","post","type-post","status-publish","format-standard","hentry","category-nyheter"],"_links":{"self":[{"href":"https:\/\/marinkamraterna.se\/malmo\/wp-json\/wp\/v2\/posts\/40565","targetHints":{"allow":["GET"]}}],"collection":[{"href":"https:\/\/marinkamraterna.se\/malmo\/wp-json\/wp\/v2\/posts"}],"about":[{"href":"https:\/\/marinkamraterna.se\/malmo\/wp-json\/wp\/v2\/types\/post"}],"author":[{"embeddable":true,"href":"https:\/\/marinkamraterna.se\/malmo\/wp-json\/wp\/v2\/users\/23"}],"replies":[{"embeddable":true,"href":"https:\/\/marinkamraterna.se\/malmo\/wp-json\/wp\/v2\/comments?post=40565"}],"version-history":[{"count":4,"href":"https:\/\/marinkamraterna.se\/malmo\/wp-json\/wp\/v2\/posts\/40565\/revisions"}],"predecessor-version":[{"id":40578,"href":"https:\/\/marinkamraterna.se\/malmo\/wp-json\/wp\/v2\/posts\/40565\/revisions\/40578"}],"wp:attachment":[{"href":"https:\/\/marinkamraterna.se\/malmo\/wp-json\/wp\/v2\/media?parent=40565"}],"wp:term":[{"taxonomy":"category","embeddable":true,"href":"https:\/\/marinkamraterna.se\/malmo\/wp-json\/wp\/v2\/categories?post=40565"},{"taxonomy":"post_tag","embeddable":true,"href":"https:\/\/marinkamraterna.se\/malmo\/wp-json\/wp\/v2\/tags?post=40565"}],"curies":[{"name":"wp","href":"https:\/\/api.w.org\/{rel}","templated":true}]}}