{"id":40643,"date":"2026-04-17T15:33:58","date_gmt":"2026-04-17T13:33:58","guid":{"rendered":"https:\/\/marinkamraterna.se\/malmo\/?p=40643"},"modified":"2026-04-28T17:04:40","modified_gmt":"2026-04-28T15:04:40","slug":"dags-for-aprilmote-2","status":"publish","type":"post","link":"https:\/\/marinkamraterna.se\/malmo\/aktuellt\/2026\/04\/17\/dags-for-aprilmote-2\/","title":{"rendered":"V\u00e5rt aprilm\u00f6te."},"content":{"rendered":"<h5><span style=\"color: #ff0000\">Du kan nu l\u00e4sa om detta m\u00f6te om du g\u00e5r till sidan om v\u00e5ra\u00a0<span style=\"color: #3366ff\"><a style=\"color: #3366ff\" href=\"https:\/\/marinkamraterna.se\/malmo\/startsidan\/om-foreningen\/verksamhetsberattelse\/\"><strong><u>Verksamheter<\/u><\/strong><\/a><strong>\u00a0<\/strong><\/span>och \u00f6ppnar \u201dVerksamhet 2026\u201d.<\/span><\/h5>\n<h3><strong>Marinkamrater i Malm\u00f6!<\/strong><\/h3>\n<h4><strong>Ni kan nu anm\u00e4la er till v\u00e5rt m\u00f6te i april:<\/strong><\/h4>\n<h4><strong>M\u00e5ndagen den 27 april kl. 18:30.<\/strong><\/h4>\n<p>Lena och Anders i byssan kommer att servera sillamacka, \u00e4rtsoppa och pannkakor.<br \/>\nD\u00e4refter kaffe och kaka.<br \/>\nPriset \u00e4r endast 180 kronor.<br \/>\n\u00d6nskas bara kaffe och kaka kostar det 50 kronor.<\/p>\n<p>Underh\u00e5llningen denna kv\u00e4ll blir filmvisning.<br \/>\nVi kommer att visa en dokument\u00e4rfilm om \u00c5ngisbrytaren Bores historia och dramatiska f\u00e4rd fr\u00e5n V\u00e4ster\u00e5s till Malm\u00f6 2012.<\/p>\n<p>Vi kommer \u00e4ven att ha frivilligt boklotteri. \u00c4ven en tavla kommer att lottas ut.<br \/>\nLotterna kostar 5 kronor styck.<br \/>\nBeh\u00e5llningen g\u00e5r till f\u00f6reningens verksamhet.<br \/>\n<img loading=\"lazy\" decoding=\"async\" class=\"alignnone wp-image-40639\" src=\"https:\/\/marinkamraterna.se\/malmo\/wp-content\/uploads\/sites\/26\/2026\/04\/Thomas-tavla-600x302.jpeg\" alt=\"\" width=\"364\" height=\"183\" \/><\/p>\n<p>Som vanligt anm\u00e4ler ni er f\u00f6rst via mail till\u00a0<u><a href=\"mailto:malmo@marinkamraterna.se\" data-linkindex=\"0\">malmo@marinkamraterna.se<\/a><\/u>.<br \/>\nOch sedan s\u00e4tter ni in 180 eller 50 kronor och f\u00f6r ev. lotter p\u00e5 f\u00f6reningens konto:<br \/>\nPlusgiro: 39753-9<\/p>\n<p><strong>Senast p\u00e5 onsdag kv\u00e4ll den 22 april m\u00e5ste vi ha er anm\u00e4lan!<\/strong><\/p>\n<p><u><a href=\"https:\/\/marinkamraterna.se\/malmo\/startsidan\/om-foreningen\/kontakt\/\">Klicka h\u00e4r f\u00f6r att hitta till lokalen!<\/a><\/u><\/p>\n<p>V\u00e4lkomna!<\/p>\n<p><img loading=\"lazy\" decoding=\"async\" class=\"alignnone wp-image-40559\" src=\"https:\/\/marinkamraterna.se\/malmo\/wp-content\/uploads\/sites\/26\/2026\/02\/Flottan_kallar-493x600.jpg\" alt=\"\" width=\"338\" height=\"411\" \/><\/p>\n","protected":false},"excerpt":{"rendered":"<p>Du kan nu l\u00e4sa om detta m\u00f6te om du g\u00e5r till sidan om v\u00e5ra\u00a0Verksamheter\u00a0och \u00f6ppnar \u201dVerksamhet 2026\u201d. Marinkamrater i Malm\u00f6! Ni kan nu anm\u00e4la er till v\u00e5rt m\u00f6te i april: M\u00e5ndagen den 27 april kl. 18:30. Lena och Anders i byssan kommer att servera sillamacka, \u00e4rtsoppa och pannkakor. D\u00e4refter kaffe och kaka. Priset \u00e4r endast [&hellip;]<\/p>\n","protected":false},"author":23,"featured_media":0,"comment_status":"open","ping_status":"open","sticky":false,"template":"","format":"standard","meta":{"_et_pb_use_builder":"","_et_pb_old_content":"","_et_gb_content_width":"","iawp_total_views":11,"footnotes":""},"categories":[1],"tags":[],"class_list":["post-40643","post","type-post","status-publish","format-standard","hentry","category-nyheter"],"_links":{"self":[{"href":"https:\/\/marinkamraterna.se\/malmo\/wp-json\/wp\/v2\/posts\/40643","targetHints":{"allow":["GET"]}}],"collection":[{"href":"https:\/\/marinkamraterna.se\/malmo\/wp-json\/wp\/v2\/posts"}],"about":[{"href":"https:\/\/marinkamraterna.se\/malmo\/wp-json\/wp\/v2\/types\/post"}],"author":[{"embeddable":true,"href":"https:\/\/marinkamraterna.se\/malmo\/wp-json\/wp\/v2\/users\/23"}],"replies":[{"embeddable":true,"href":"https:\/\/marinkamraterna.se\/malmo\/wp-json\/wp\/v2\/comments?post=40643"}],"version-history":[{"count":5,"href":"https:\/\/marinkamraterna.se\/malmo\/wp-json\/wp\/v2\/posts\/40643\/revisions"}],"predecessor-version":[{"id":40652,"href":"https:\/\/marinkamraterna.se\/malmo\/wp-json\/wp\/v2\/posts\/40643\/revisions\/40652"}],"wp:attachment":[{"href":"https:\/\/marinkamraterna.se\/malmo\/wp-json\/wp\/v2\/media?parent=40643"}],"wp:term":[{"taxonomy":"category","embeddable":true,"href":"https:\/\/marinkamraterna.se\/malmo\/wp-json\/wp\/v2\/categories?post=40643"},{"taxonomy":"post_tag","embeddable":true,"href":"https:\/\/marinkamraterna.se\/malmo\/wp-json\/wp\/v2\/tags?post=40643"}],"curies":[{"name":"wp","href":"https:\/\/api.w.org\/{rel}","templated":true}]}}