{"id":37598,"date":"2025-01-21T14:35:14","date_gmt":"2025-01-21T13:35:14","guid":{"rendered":"https:\/\/marinkamraterna.se\/stockholm\/?p=37598"},"modified":"2025-01-21T14:35:14","modified_gmt":"2025-01-21T13:35:14","slug":"datumandring-foredrag","status":"publish","type":"post","link":"https:\/\/marinkamraterna.se\/stockholm\/aktuellt\/2025\/01\/21\/datumandring-foredrag\/","title":{"rendered":"Datum\u00e4ndring f\u00f6redrag"},"content":{"rendered":"<p>Det f\u00f6redrag fr\u00e5n Fj\u00e4rde Sj\u00f6stridsflottiljen som varit planerat till tisdagen den 4 februari har flyttats till tisdagen den 11 februari. Tid 17.30, \u00d6rlogshemmets konferenslokal. Flytten medf\u00f6r att n\u00e5gra av de anm\u00e4lda till den 4 februari inte kan komma. Det finns d\u00e4rf\u00f6r n\u00e5gra tomma platser. Anm\u00e4l dig via mail till sthlm@flottansman.se om du vill ta en av de vakanta platserna.<\/p>\n","protected":false},"excerpt":{"rendered":"<p>Det f\u00f6redrag fr\u00e5n Fj\u00e4rde Sj\u00f6stridsflottiljen som varit planerat till tisdagen den 4 februari har flyttats till tisdagen den 11 februari. Tid 17.30, \u00d6rlogshemmets konferenslokal. Flytten medf\u00f6r att n\u00e5gra av de anm\u00e4lda till den 4 februari inte kan komma. Det finns d\u00e4rf\u00f6r n\u00e5gra tomma platser. Anm\u00e4l dig via mail till sthlm@flottansman.se om du vill ta en [&hellip;]<\/p>\n","protected":false},"author":3,"featured_media":0,"comment_status":"open","ping_status":"open","sticky":false,"template":"","format":"standard","meta":{"_et_pb_use_builder":"","_et_pb_old_content":"","_et_gb_content_width":"","iawp_total_views":17,"footnotes":""},"categories":[1],"tags":[],"class_list":["post-37598","post","type-post","status-publish","format-standard","hentry","category-nyheter"],"_links":{"self":[{"href":"https:\/\/marinkamraterna.se\/stockholm\/wp-json\/wp\/v2\/posts\/37598","targetHints":{"allow":["GET"]}}],"collection":[{"href":"https:\/\/marinkamraterna.se\/stockholm\/wp-json\/wp\/v2\/posts"}],"about":[{"href":"https:\/\/marinkamraterna.se\/stockholm\/wp-json\/wp\/v2\/types\/post"}],"author":[{"embeddable":true,"href":"https:\/\/marinkamraterna.se\/stockholm\/wp-json\/wp\/v2\/users\/3"}],"replies":[{"embeddable":true,"href":"https:\/\/marinkamraterna.se\/stockholm\/wp-json\/wp\/v2\/comments?post=37598"}],"version-history":[{"count":1,"href":"https:\/\/marinkamraterna.se\/stockholm\/wp-json\/wp\/v2\/posts\/37598\/revisions"}],"predecessor-version":[{"id":37599,"href":"https:\/\/marinkamraterna.se\/stockholm\/wp-json\/wp\/v2\/posts\/37598\/revisions\/37599"}],"wp:attachment":[{"href":"https:\/\/marinkamraterna.se\/stockholm\/wp-json\/wp\/v2\/media?parent=37598"}],"wp:term":[{"taxonomy":"category","embeddable":true,"href":"https:\/\/marinkamraterna.se\/stockholm\/wp-json\/wp\/v2\/categories?post=37598"},{"taxonomy":"post_tag","embeddable":true,"href":"https:\/\/marinkamraterna.se\/stockholm\/wp-json\/wp\/v2\/tags?post=37598"}],"curies":[{"name":"wp","href":"https:\/\/api.w.org\/{rel}","templated":true}]}}