{"id":37763,"date":"2025-11-04T08:09:54","date_gmt":"2025-11-04T07:09:54","guid":{"rendered":"https:\/\/marinkamraterna.se\/stockholm\/?p=37763"},"modified":"2025-11-04T08:09:54","modified_gmt":"2025-11-04T07:09:54","slug":"veckans-kanslinytt-8","status":"publish","type":"post","link":"https:\/\/marinkamraterna.se\/stockholm\/aktuellt\/2025\/11\/04\/veckans-kanslinytt-8\/","title":{"rendered":"Veckans Kanslinytt"},"content":{"rendered":"<p>Vi var 8 medlemmar som medverkade p\u00e5 Krigsseglardagen i Djurg\u00e5rdskyrkan. Det \u00e4r fin tradition som vi g\u00e4rna forts\u00e4tter med, dessutom bj\u00f6ds vi p\u00e5 en personlig skildring hur det var att vara till sj\u00f6ss under kriget.<br \/>\nIdag har vi tyv\u00e4rr inget bokat anf\u00f6rande p\u00e5 Halvettfikat &#8211; allts\u00e5 fritt fram f\u00f6r nya anm\u00e4lningar.<\/p>\n","protected":false},"excerpt":{"rendered":"<p>Vi var 8 medlemmar som medverkade p\u00e5 Krigsseglardagen i Djurg\u00e5rdskyrkan. Det \u00e4r fin tradition som vi g\u00e4rna forts\u00e4tter med, dessutom bj\u00f6ds vi p\u00e5 en personlig skildring hur det var att vara till sj\u00f6ss under kriget. Idag har vi tyv\u00e4rr inget bokat anf\u00f6rande p\u00e5 Halvettfikat &#8211; allts\u00e5 fritt fram f\u00f6r nya anm\u00e4lningar.<\/p>\n","protected":false},"author":2,"featured_media":0,"comment_status":"open","ping_status":"open","sticky":false,"template":"","format":"standard","meta":{"_et_pb_use_builder":"","_et_pb_old_content":"","_et_gb_content_width":"","iawp_total_views":7,"footnotes":""},"categories":[1],"tags":[],"class_list":["post-37763","post","type-post","status-publish","format-standard","hentry","category-nyheter"],"_links":{"self":[{"href":"https:\/\/marinkamraterna.se\/stockholm\/wp-json\/wp\/v2\/posts\/37763","targetHints":{"allow":["GET"]}}],"collection":[{"href":"https:\/\/marinkamraterna.se\/stockholm\/wp-json\/wp\/v2\/posts"}],"about":[{"href":"https:\/\/marinkamraterna.se\/stockholm\/wp-json\/wp\/v2\/types\/post"}],"author":[{"embeddable":true,"href":"https:\/\/marinkamraterna.se\/stockholm\/wp-json\/wp\/v2\/users\/2"}],"replies":[{"embeddable":true,"href":"https:\/\/marinkamraterna.se\/stockholm\/wp-json\/wp\/v2\/comments?post=37763"}],"version-history":[{"count":1,"href":"https:\/\/marinkamraterna.se\/stockholm\/wp-json\/wp\/v2\/posts\/37763\/revisions"}],"predecessor-version":[{"id":37764,"href":"https:\/\/marinkamraterna.se\/stockholm\/wp-json\/wp\/v2\/posts\/37763\/revisions\/37764"}],"wp:attachment":[{"href":"https:\/\/marinkamraterna.se\/stockholm\/wp-json\/wp\/v2\/media?parent=37763"}],"wp:term":[{"taxonomy":"category","embeddable":true,"href":"https:\/\/marinkamraterna.se\/stockholm\/wp-json\/wp\/v2\/categories?post=37763"},{"taxonomy":"post_tag","embeddable":true,"href":"https:\/\/marinkamraterna.se\/stockholm\/wp-json\/wp\/v2\/tags?post=37763"}],"curies":[{"name":"wp","href":"https:\/\/api.w.org\/{rel}","templated":true}]}}