{"id":37933,"date":"2026-04-21T08:05:33","date_gmt":"2026-04-21T06:05:33","guid":{"rendered":"https:\/\/marinkamraterna.se\/stockholm\/?p=37933"},"modified":"2026-04-21T08:05:33","modified_gmt":"2026-04-21T06:05:33","slug":"stor-flaggning-pa-af-chapman","status":"publish","type":"post","link":"https:\/\/marinkamraterna.se\/stockholm\/aktuellt\/2026\/04\/21\/stor-flaggning-pa-af-chapman\/","title":{"rendered":"Stor Flaggning p\u00e5 af Chapman"},"content":{"rendered":"<p>Stor Flaggning p\u00e5 af Chapman d\u00e5 det \u00e4r Konungens f\u00f6delsedag, 26-04-30.<br \/>\nFlaggan hissas kl 0800 och halas kl 1900 &#8211; kom se v\u00e5r nya flagga!<br \/>\n<img loading=\"lazy\" decoding=\"async\" class=\"alignnone size-medium wp-image-37935\" src=\"https:\/\/marinkamraterna.se\/stockholm\/wp-content\/uploads\/sites\/3\/2026\/04\/Ny-flagga-26-450x600.jpg\" alt=\"\" width=\"450\" height=\"600\" \/><\/p>\n","protected":false},"excerpt":{"rendered":"<p>Stor Flaggning p\u00e5 af Chapman d\u00e5 det \u00e4r Konungens f\u00f6delsedag, 26-04-30. Flaggan hissas kl 0800 och halas kl 1900 &#8211; kom se v\u00e5r nya flagga!<\/p>\n","protected":false},"author":2,"featured_media":0,"comment_status":"open","ping_status":"open","sticky":false,"template":"","format":"standard","meta":{"_et_pb_use_builder":"","_et_pb_old_content":"","_et_gb_content_width":"","iawp_total_views":9,"footnotes":""},"categories":[1],"tags":[],"class_list":["post-37933","post","type-post","status-publish","format-standard","hentry","category-nyheter"],"_links":{"self":[{"href":"https:\/\/marinkamraterna.se\/stockholm\/wp-json\/wp\/v2\/posts\/37933","targetHints":{"allow":["GET"]}}],"collection":[{"href":"https:\/\/marinkamraterna.se\/stockholm\/wp-json\/wp\/v2\/posts"}],"about":[{"href":"https:\/\/marinkamraterna.se\/stockholm\/wp-json\/wp\/v2\/types\/post"}],"author":[{"embeddable":true,"href":"https:\/\/marinkamraterna.se\/stockholm\/wp-json\/wp\/v2\/users\/2"}],"replies":[{"embeddable":true,"href":"https:\/\/marinkamraterna.se\/stockholm\/wp-json\/wp\/v2\/comments?post=37933"}],"version-history":[{"count":2,"href":"https:\/\/marinkamraterna.se\/stockholm\/wp-json\/wp\/v2\/posts\/37933\/revisions"}],"predecessor-version":[{"id":37936,"href":"https:\/\/marinkamraterna.se\/stockholm\/wp-json\/wp\/v2\/posts\/37933\/revisions\/37936"}],"wp:attachment":[{"href":"https:\/\/marinkamraterna.se\/stockholm\/wp-json\/wp\/v2\/media?parent=37933"}],"wp:term":[{"taxonomy":"category","embeddable":true,"href":"https:\/\/marinkamraterna.se\/stockholm\/wp-json\/wp\/v2\/categories?post=37933"},{"taxonomy":"post_tag","embeddable":true,"href":"https:\/\/marinkamraterna.se\/stockholm\/wp-json\/wp\/v2\/tags?post=37933"}],"curies":[{"name":"wp","href":"https:\/\/api.w.org\/{rel}","templated":true}]}}