{"id":42213,"date":"2026-02-07T20:24:32","date_gmt":"2026-02-07T19:24:32","guid":{"rendered":"https:\/\/marinkamraterna.se\/vasteras\/?p=42213"},"modified":"2026-02-07T20:34:04","modified_gmt":"2026-02-07T19:34:04","slug":"arsmotet-ar-avklarat","status":"publish","type":"post","link":"https:\/\/marinkamraterna.se\/vasteras\/aktuellt\/2026\/02\/07\/arsmotet-ar-avklarat\/","title":{"rendered":"\u00c5rsm\u00f6tet \u00e4r avklarat&#8230;"},"content":{"rendered":"<p>\u00c5rsm\u00f6tet 2026 \u00e4r idag avklarat och vilket bra \u00e5rsm\u00f6te det blev! Kanske det b\u00e4sta \u00e5rsm\u00f6tet n\u00e5gonsin. Till ordf\u00f6rande omvaldes Antonio Gromaldi. Vad sk\u00f6nt det var att efter\u00e5t komma hem och byta ifr\u00e5n Marinkamraternas clubb bl\u00e4zer och bara koppla av med T-shirt och mjukisbrallor och kolla p\u00e5 mello.<\/p>\n<p> Jag \u00e4r absolut \u00f6vertygad om att 2026 kommer bli ett kanon\u00e5r. Men nu beh\u00f6vs det engagemang hos alla, inget bidrag \u00e4r f\u00f6r litet och s\u00e5 m\u00e5nga som m\u00f6jligt m\u00e5ste komma med s\u00e5 vi f\u00e5r kul&#8230;<\/p>\n<p>Nu k\u00f6r vi!<\/p>\n<p>\/\/Magnus \/sekr.<\/p>\n","protected":false},"excerpt":{"rendered":"<p>\u00c5rsm\u00f6tet 2026 \u00e4r idag avklarat och vilket bra \u00e5rsm\u00f6te det blev! Kanske det b\u00e4sta \u00e5rsm\u00f6tet n\u00e5gonsin. Till ordf\u00f6rande omvaldes Antonio Gromaldi. Vad sk\u00f6nt det var att efter\u00e5t komma hem och byta ifr\u00e5n Marinkamraternas clubb bl\u00e4zer och bara koppla av med T-shirt och mjukisbrallor och kolla p\u00e5 mello. Jag \u00e4r absolut \u00f6vertygad om att 2026 kommer [&hellip;]<\/p>\n","protected":false},"author":9,"featured_media":0,"comment_status":"open","ping_status":"open","sticky":false,"template":"","format":"standard","meta":{"_et_pb_use_builder":"","_et_pb_old_content":"","_et_gb_content_width":"","iawp_total_views":18,"footnotes":""},"categories":[1],"tags":[],"class_list":["post-42213","post","type-post","status-publish","format-standard","hentry","category-nyheter"],"_links":{"self":[{"href":"https:\/\/marinkamraterna.se\/vasteras\/wp-json\/wp\/v2\/posts\/42213","targetHints":{"allow":["GET"]}}],"collection":[{"href":"https:\/\/marinkamraterna.se\/vasteras\/wp-json\/wp\/v2\/posts"}],"about":[{"href":"https:\/\/marinkamraterna.se\/vasteras\/wp-json\/wp\/v2\/types\/post"}],"author":[{"embeddable":true,"href":"https:\/\/marinkamraterna.se\/vasteras\/wp-json\/wp\/v2\/users\/9"}],"replies":[{"embeddable":true,"href":"https:\/\/marinkamraterna.se\/vasteras\/wp-json\/wp\/v2\/comments?post=42213"}],"version-history":[{"count":3,"href":"https:\/\/marinkamraterna.se\/vasteras\/wp-json\/wp\/v2\/posts\/42213\/revisions"}],"predecessor-version":[{"id":42216,"href":"https:\/\/marinkamraterna.se\/vasteras\/wp-json\/wp\/v2\/posts\/42213\/revisions\/42216"}],"wp:attachment":[{"href":"https:\/\/marinkamraterna.se\/vasteras\/wp-json\/wp\/v2\/media?parent=42213"}],"wp:term":[{"taxonomy":"category","embeddable":true,"href":"https:\/\/marinkamraterna.se\/vasteras\/wp-json\/wp\/v2\/categories?post=42213"},{"taxonomy":"post_tag","embeddable":true,"href":"https:\/\/marinkamraterna.se\/vasteras\/wp-json\/wp\/v2\/tags?post=42213"}],"curies":[{"name":"wp","href":"https:\/\/api.w.org\/{rel}","templated":true}]}}