{"id":42253,"date":"2026-02-20T09:36:47","date_gmt":"2026-02-20T08:36:47","guid":{"rendered":"https:\/\/marinkamraterna.se\/vasteras\/?p=42253"},"modified":"2026-02-20T10:00:00","modified_gmt":"2026-02-20T09:00:00","slug":"klubbmote-4","status":"publish","type":"post","link":"https:\/\/marinkamraterna.se\/vasteras\/aktuellt\/2026\/02\/20\/klubbmote-4\/","title":{"rendered":"Klubbm\u00f6te"},"content":{"rendered":"<p>[et_pb_section fb_built=&#8221;1&#8243; admin_label=&#8221;section&#8221; _builder_version=&#8221;4.16&#8243; global_colors_info=&#8221;{}&#8221;][et_pb_row admin_label=&#8221;row&#8221; _builder_version=&#8221;4.16&#8243; background_size=&#8221;initial&#8221; background_position=&#8221;top_left&#8221; background_repeat=&#8221;repeat&#8221; global_colors_info=&#8221;{}&#8221;][et_pb_column type=&#8221;4_4&#8243; _builder_version=&#8221;4.16&#8243; custom_padding=&#8221;|||&#8221; global_colors_info=&#8221;{}&#8221; custom_padding__hover=&#8221;|||&#8221;][et_pb_text admin_label=&#8221;Text&#8221; _builder_version=&#8221;4.27.5&#8243; background_size=&#8221;initial&#8221; background_position=&#8221;top_left&#8221; background_repeat=&#8221;repeat&#8221; hover_enabled=&#8221;0&#8243; global_colors_info=&#8221;{}&#8221; sticky_enabled=&#8221;0&#8243;]<\/p>\n<p><strong>B\u00e4sta medlem!<\/strong><\/p>\n<p>I onsdags hade vi \u00e5rets f\u00f6rsta klubbm\u00f6te d\u00e4r jag informerade om kommande aktiviteter<br \/>g\u00e5 in <a href=\"https:\/\/marinkamraterna.se\/vasteras\/wp-content\/uploads\/sites\/14\/2026\/02\/Klubbmote-1.-2026-ljud.pdf\" rel=\"attachment noopener wp-att-42260\" target=\"_blank\">h\u00e4r <\/a>p\u00e5 v\u00e5r hemsida d\u00e4r kan du se hela min presentation med information som presenterades.<\/p>\n<p>Vi har n\u00e5gra punkter som jag g\u00e4rna vill trycka p\u00e5.<\/p>\n<p><strong>F\u00f6reningens kommande f\u00f6rel\u00e4sningar:<\/strong><\/p>\n<p><img loading=\"lazy\" decoding=\"async\" src=\"https:\/\/marinkamraterna.se\/vasteras\/wp-content\/uploads\/sites\/14\/2026\/02\/unnamed.jpg\" alt=\"\" width=\"500\" height=\"281\" class=\"alignnone size-full wp-image-42254\" srcset=\"https:\/\/marinkamraterna.se\/vasteras\/wp-content\/uploads\/sites\/14\/2026\/02\/unnamed.jpg 500w, https:\/\/marinkamraterna.se\/vasteras\/wp-content\/uploads\/sites\/14\/2026\/02\/unnamed-480x270.jpg 480w\" sizes=\"(min-width: 0px) and (max-width: 480px) 480px, (min-width: 481px) 500px, 100vw\" \/><\/p>\n<p>som ni ser \u00e4r f\u00f6rsta f\u00f6rel\u00e4sningen redan den 4:e mars , gl\u00f6m inte att anm\u00e4la dig till Klubb M\u00e4staren B\u00f6rje B<br \/>p\u00e5 SMS 0705 109465 eller mail borje.backman@me.com<\/p>\n<p><strong>Totalf\u00f6rsvarsdagen den 30 maj<\/strong><br \/>har kommer f\u00f6reningen att ha en betydande roll, vi arbetar bla.f\u00f6r att f\u00e5 hit 6 fartyg ffr\u00e5n Veteranflottiljen<br \/>Vi har \u00e4ven en roll med att bes\u00e4tta dagen med funktion\u00e4rer s\u00e5 du beh\u00f6vs Mera informatin kommer.<\/p>\n<p><a href=\"https:\/\/marinkamraterna.se\/vasteras\/wp-content\/uploads\/sites\/14\/2026\/02\/Klubbmote-1.-2026-ljud.pdf\" target=\"_blank\" rel=\"noopener\"><span>H\u00e4r finns mera information fr\u00e5n m\u00f6tet [PDF]<\/span><\/a><\/p>\n<p><span><\/span><\/p>\n<p><strong>Ha en god och trevlig helg!<\/strong><\/p>\n<p><span>\u00a0<\/span><\/p>\n<p><em>Antonio \/ ordf<\/em><\/p>\n<p>[\/et_pb_text][\/et_pb_column][\/et_pb_row][\/et_pb_section]<\/p>\n","protected":false},"excerpt":{"rendered":"<p>B\u00e4sta medlem! I onsdags hade vi \u00e5rets f\u00f6rsta klubbm\u00f6te d\u00e4r jag informerade om kommande aktiviteterg\u00e5 in h\u00e4r p\u00e5 v\u00e5r hemsida d\u00e4r kan du se hela min presentation med information som presenterades. Vi har n\u00e5gra punkter som jag g\u00e4rna vill trycka p\u00e5. F\u00f6reningens kommande f\u00f6rel\u00e4sningar: som ni ser \u00e4r f\u00f6rsta f\u00f6rel\u00e4sningen redan den 4:e mars , [&hellip;]<\/p>\n","protected":false},"author":9,"featured_media":0,"comment_status":"open","ping_status":"open","sticky":false,"template":"","format":"standard","meta":{"_et_pb_use_builder":"on","_et_pb_old_content":"B\u00e4sta medlem \r\n\r\n\r\nI onsdags hade vi \u00e5rets f\u00f6rsta klubbm\u00f6te d\u00e4r jag informerade om kommande aktiviteter \r\ng\u00e5 in p\u00e5 v\u00e5r hemsida d\u00e4r kan du se hela min presentation med information som presenterades \r\n\r\n\r\nVi har n\u00e5gra punkter som jag g\u00e4rna vill trycka p\u00e5 \r\n\r\n\r\n\r\nF\u00f6reningens kommande f\u00f6rel\u00e4sningar \r\n\r\n<img src=\"https:\/\/marinkamraterna.se\/vasteras\/wp-content\/uploads\/sites\/14\/2026\/02\/unnamed.jpg\" alt=\"\" width=\"500\" height=\"281\" class=\"alignnone size-full wp-image-42254\" \/>\r\n\r\n\r\nsom ni ser \u00e4r f\u00f6rsta f\u00f6rel\u00e4sningen redan den 4:e mars , gl\u00f6m inte att anm\u00e4la dig till Klubb M\u00e4staren B\u00f6rje B\r\np\u00e5 SMS eller Mail 0705 109465 eller borje.backman@me.com \r\n\r\n\r\nTotalf\u00f6rsvarsdagen den 30 maj \r\nhar kommer f\u00f6reningen att ha en betydande roll, vi arbetar bla.f\u00f6r att f\u00e5 hit 6 fartyg ffr\u00e5n Veteranflottiljen \r\nVi har \u00e4ven en roll med att bes\u00e4tta dagen med funktion\u00e4rer s\u00e5 du beh\u00f6vs \r\nMera informatin kommer ","_et_gb_content_width":"","iawp_total_views":12,"footnotes":""},"categories":[1],"tags":[],"class_list":["post-42253","post","type-post","status-publish","format-standard","hentry","category-nyheter"],"_links":{"self":[{"href":"https:\/\/marinkamraterna.se\/vasteras\/wp-json\/wp\/v2\/posts\/42253","targetHints":{"allow":["GET"]}}],"collection":[{"href":"https:\/\/marinkamraterna.se\/vasteras\/wp-json\/wp\/v2\/posts"}],"about":[{"href":"https:\/\/marinkamraterna.se\/vasteras\/wp-json\/wp\/v2\/types\/post"}],"author":[{"embeddable":true,"href":"https:\/\/marinkamraterna.se\/vasteras\/wp-json\/wp\/v2\/users\/9"}],"replies":[{"embeddable":true,"href":"https:\/\/marinkamraterna.se\/vasteras\/wp-json\/wp\/v2\/comments?post=42253"}],"version-history":[{"count":11,"href":"https:\/\/marinkamraterna.se\/vasteras\/wp-json\/wp\/v2\/posts\/42253\/revisions"}],"predecessor-version":[{"id":42266,"href":"https:\/\/marinkamraterna.se\/vasteras\/wp-json\/wp\/v2\/posts\/42253\/revisions\/42266"}],"wp:attachment":[{"href":"https:\/\/marinkamraterna.se\/vasteras\/wp-json\/wp\/v2\/media?parent=42253"}],"wp:term":[{"taxonomy":"category","embeddable":true,"href":"https:\/\/marinkamraterna.se\/vasteras\/wp-json\/wp\/v2\/categories?post=42253"},{"taxonomy":"post_tag","embeddable":true,"href":"https:\/\/marinkamraterna.se\/vasteras\/wp-json\/wp\/v2\/tags?post=42253"}],"curies":[{"name":"wp","href":"https:\/\/api.w.org\/{rel}","templated":true}]}}