{"id":42290,"date":"2026-04-25T14:08:10","date_gmt":"2026-04-25T12:08:10","guid":{"rendered":"https:\/\/marinkamraterna.se\/vasteras\/?p=42290"},"modified":"2026-04-25T14:08:10","modified_gmt":"2026-04-25T12:08:10","slug":"km-i-luftvapenskytte","status":"publish","type":"post","link":"https:\/\/marinkamraterna.se\/vasteras\/aktuellt\/2026\/04\/25\/km-i-luftvapenskytte\/","title":{"rendered":"KM i luftvapenskytte"},"content":{"rendered":"<p>Den 6 maj blir det KM i luftvapenskytte. \u00c4ven i \u00e5r blir det hemma hos B\u00f6rje B\u00e4ckman Fuller\u00f6 Strand 56. Vi samlas kl 17.30 f\u00f6r lite bubbelmingel skyttet startar kl 18. Stieg Andersson \u00e4r t\u00e4vlingsledare.<\/p>\n<p>Som vanligt s\u00e5 \u00e4r det obligatorisk anm\u00e4lan till B\u00f6rje B\u00e4ckman 070-510 94 65 borje.backman@me.com<\/p>\n","protected":false},"excerpt":{"rendered":"<p>Den 6 maj blir det KM i luftvapenskytte. \u00c4ven i \u00e5r blir det hemma hos B\u00f6rje B\u00e4ckman Fuller\u00f6 Strand 56. Vi samlas kl 17.30 f\u00f6r lite bubbelmingel skyttet startar kl 18. Stieg Andersson \u00e4r t\u00e4vlingsledare. Som vanligt s\u00e5 \u00e4r det obligatorisk anm\u00e4lan till B\u00f6rje B\u00e4ckman 070-510 94 65 borje.backman@me.com<\/p>\n","protected":false},"author":9,"featured_media":0,"comment_status":"open","ping_status":"open","sticky":false,"template":"","format":"standard","meta":{"_et_pb_use_builder":"","_et_pb_old_content":"","_et_gb_content_width":"","iawp_total_views":4,"footnotes":""},"categories":[1],"tags":[],"class_list":["post-42290","post","type-post","status-publish","format-standard","hentry","category-nyheter"],"_links":{"self":[{"href":"https:\/\/marinkamraterna.se\/vasteras\/wp-json\/wp\/v2\/posts\/42290","targetHints":{"allow":["GET"]}}],"collection":[{"href":"https:\/\/marinkamraterna.se\/vasteras\/wp-json\/wp\/v2\/posts"}],"about":[{"href":"https:\/\/marinkamraterna.se\/vasteras\/wp-json\/wp\/v2\/types\/post"}],"author":[{"embeddable":true,"href":"https:\/\/marinkamraterna.se\/vasteras\/wp-json\/wp\/v2\/users\/9"}],"replies":[{"embeddable":true,"href":"https:\/\/marinkamraterna.se\/vasteras\/wp-json\/wp\/v2\/comments?post=42290"}],"version-history":[{"count":1,"href":"https:\/\/marinkamraterna.se\/vasteras\/wp-json\/wp\/v2\/posts\/42290\/revisions"}],"predecessor-version":[{"id":42291,"href":"https:\/\/marinkamraterna.se\/vasteras\/wp-json\/wp\/v2\/posts\/42290\/revisions\/42291"}],"wp:attachment":[{"href":"https:\/\/marinkamraterna.se\/vasteras\/wp-json\/wp\/v2\/media?parent=42290"}],"wp:term":[{"taxonomy":"category","embeddable":true,"href":"https:\/\/marinkamraterna.se\/vasteras\/wp-json\/wp\/v2\/categories?post=42290"},{"taxonomy":"post_tag","embeddable":true,"href":"https:\/\/marinkamraterna.se\/vasteras\/wp-json\/wp\/v2\/tags?post=42290"}],"curies":[{"name":"wp","href":"https:\/\/api.w.org\/{rel}","templated":true}]}}