{"id":40905,"date":"2026-02-19T18:57:47","date_gmt":"2026-02-19T17:57:47","guid":{"rendered":"https:\/\/marinkamraterna.se\/vastervik\/?p=40905"},"modified":"2026-02-28T14:32:55","modified_gmt":"2026-02-28T13:32:55","slug":"klubbafton-23-2-26","status":"publish","type":"post","link":"https:\/\/marinkamraterna.se\/vastervik\/aktuellt\/2026\/02\/19\/klubbafton-23-2-26\/","title":{"rendered":"Klubbafton 23\/2 -26"},"content":{"rendered":"<p>P\u00e5 klubbaftonen 23\/2 hade vi bes\u00f6k av V\u00e4stervik Speedways ordf\u00f6rande Niclas Wallander och klubbens lagledare\/sportchef Mikael Teurnberg. <a href=\"https:\/\/marinkamraterna.se\/vastervik\/wp-content\/uploads\/sites\/28\/2026\/02\/2026-02-23-Klubbafton-Vviks-Speedway.pdf\" target=\"_blank\" rel=\"noopener\">H\u00e4r<\/a> kan du l\u00e4sa lite mer om deras bes\u00f6k och klubbens framtidsvisoner.<\/p>\n","protected":false},"excerpt":{"rendered":"<p>P\u00e5 klubbaftonen 23\/2 hade vi bes\u00f6k av V\u00e4stervik Speedways ordf\u00f6rande Niclas Wallander och klubbens lagledare\/sportchef Mikael Teurnberg. H\u00e4r kan du l\u00e4sa lite mer om deras bes\u00f6k och klubbens framtidsvisoner.<\/p>\n","protected":false},"author":25,"featured_media":0,"comment_status":"open","ping_status":"open","sticky":false,"template":"","format":"standard","meta":{"_et_pb_use_builder":"","_et_pb_old_content":"","_et_gb_content_width":"","iawp_total_views":9,"footnotes":""},"categories":[1],"tags":[],"class_list":["post-40905","post","type-post","status-publish","format-standard","hentry","category-nyheter"],"_links":{"self":[{"href":"https:\/\/marinkamraterna.se\/vastervik\/wp-json\/wp\/v2\/posts\/40905","targetHints":{"allow":["GET"]}}],"collection":[{"href":"https:\/\/marinkamraterna.se\/vastervik\/wp-json\/wp\/v2\/posts"}],"about":[{"href":"https:\/\/marinkamraterna.se\/vastervik\/wp-json\/wp\/v2\/types\/post"}],"author":[{"embeddable":true,"href":"https:\/\/marinkamraterna.se\/vastervik\/wp-json\/wp\/v2\/users\/25"}],"replies":[{"embeddable":true,"href":"https:\/\/marinkamraterna.se\/vastervik\/wp-json\/wp\/v2\/comments?post=40905"}],"version-history":[{"count":5,"href":"https:\/\/marinkamraterna.se\/vastervik\/wp-json\/wp\/v2\/posts\/40905\/revisions"}],"predecessor-version":[{"id":40913,"href":"https:\/\/marinkamraterna.se\/vastervik\/wp-json\/wp\/v2\/posts\/40905\/revisions\/40913"}],"wp:attachment":[{"href":"https:\/\/marinkamraterna.se\/vastervik\/wp-json\/wp\/v2\/media?parent=40905"}],"wp:term":[{"taxonomy":"category","embeddable":true,"href":"https:\/\/marinkamraterna.se\/vastervik\/wp-json\/wp\/v2\/categories?post=40905"},{"taxonomy":"post_tag","embeddable":true,"href":"https:\/\/marinkamraterna.se\/vastervik\/wp-json\/wp\/v2\/tags?post=40905"}],"curies":[{"name":"wp","href":"https:\/\/api.w.org\/{rel}","templated":true}]}}