{"id":40923,"date":"2026-03-07T19:10:44","date_gmt":"2026-03-07T18:10:44","guid":{"rendered":"https:\/\/marinkamraterna.se\/vastervik\/?p=40923"},"modified":"2026-04-09T19:06:21","modified_gmt":"2026-04-09T17:06:21","slug":"arsmote-23-3-26","status":"publish","type":"post","link":"https:\/\/marinkamraterna.se\/vastervik\/aktuellt\/2026\/03\/07\/arsmote-23-3-26\/","title":{"rendered":"\u00c5rsm\u00f6te 23\/3 -26"},"content":{"rendered":"<p><strong>23\/3 26<\/strong> hade F\u00f6reningen Flottan M\u00e4n sitt \u00e5rsm\u00f6te. Det blev ett \u00e5rsm\u00f6te som f\u00f6rfl\u00f6t lugnt och sansat inga stora diskussioner utbr\u00f6t. Noteras att namnbytet gick igenom utan &#8221;protester&#8221; och med full majoritet, s\u00e5 fr o m 1\/5 -26 heter vi nu F\u00f6reningen Marinkamraterna. Vill du ta del av \u00e5rsm\u00f6tesprotokollet kan du l\u00e4sa det <a href=\"https:\/\/marinkamraterna.se\/vastervik\/wp-content\/uploads\/sites\/28\/2026\/04\/26-03-23-Protokoll-arsmote.pdf\" target=\"_blank\" rel=\"noopener\">h\u00e4r<\/a>.<br \/>\nV\u00e4rt att notera \u00e4r att f\u00f6reningen nu har <strong>fyra Hedersmedlemmar<\/strong> &#8211; alla lika mycket v\u00e4rda den titeln!<\/p>\n","protected":false},"excerpt":{"rendered":"<p>23\/3 26 hade F\u00f6reningen Flottan M\u00e4n sitt \u00e5rsm\u00f6te. Det blev ett \u00e5rsm\u00f6te som f\u00f6rfl\u00f6t lugnt och sansat inga stora diskussioner utbr\u00f6t. Noteras att namnbytet gick igenom utan &#8221;protester&#8221; och med full majoritet, s\u00e5 fr o m 1\/5 -26 heter vi nu F\u00f6reningen Marinkamraterna. Vill du ta del av \u00e5rsm\u00f6tesprotokollet kan du l\u00e4sa det h\u00e4r. V\u00e4rt [&hellip;]<\/p>\n","protected":false},"author":25,"featured_media":0,"comment_status":"open","ping_status":"open","sticky":false,"template":"","format":"standard","meta":{"_et_pb_use_builder":"","_et_pb_old_content":"","_et_gb_content_width":"","iawp_total_views":52,"footnotes":""},"categories":[1],"tags":[],"class_list":["post-40923","post","type-post","status-publish","format-standard","hentry","category-nyheter"],"_links":{"self":[{"href":"https:\/\/marinkamraterna.se\/vastervik\/wp-json\/wp\/v2\/posts\/40923","targetHints":{"allow":["GET"]}}],"collection":[{"href":"https:\/\/marinkamraterna.se\/vastervik\/wp-json\/wp\/v2\/posts"}],"about":[{"href":"https:\/\/marinkamraterna.se\/vastervik\/wp-json\/wp\/v2\/types\/post"}],"author":[{"embeddable":true,"href":"https:\/\/marinkamraterna.se\/vastervik\/wp-json\/wp\/v2\/users\/25"}],"replies":[{"embeddable":true,"href":"https:\/\/marinkamraterna.se\/vastervik\/wp-json\/wp\/v2\/comments?post=40923"}],"version-history":[{"count":15,"href":"https:\/\/marinkamraterna.se\/vastervik\/wp-json\/wp\/v2\/posts\/40923\/revisions"}],"predecessor-version":[{"id":40980,"href":"https:\/\/marinkamraterna.se\/vastervik\/wp-json\/wp\/v2\/posts\/40923\/revisions\/40980"}],"wp:attachment":[{"href":"https:\/\/marinkamraterna.se\/vastervik\/wp-json\/wp\/v2\/media?parent=40923"}],"wp:term":[{"taxonomy":"category","embeddable":true,"href":"https:\/\/marinkamraterna.se\/vastervik\/wp-json\/wp\/v2\/categories?post=40923"},{"taxonomy":"post_tag","embeddable":true,"href":"https:\/\/marinkamraterna.se\/vastervik\/wp-json\/wp\/v2\/tags?post=40923"}],"curies":[{"name":"wp","href":"https:\/\/api.w.org\/{rel}","templated":true}]}}